{"id":21332,"date":"2020-05-25T16:03:45","date_gmt":"2020-05-25T16:03:45","guid":{"rendered":"https:\/\/www.ovpm.org\/?p=21332"},"modified":"2020-05-25T16:05:40","modified_gmt":"2020-05-25T16:05:40","slug":"la-maire-daranjuez-nommee-membre-de-la-commission-du-patrimoine-historique-culturel-de-la-federation-espagnole-des-municipalites-et-des-provinces-femp","status":"publish","type":"post","link":"https:\/\/www.ovpm.org\/fr\/2020\/05\/25\/la-maire-daranjuez-nommee-membre-de-la-commission-du-patrimoine-historique-culturel-de-la-federation-espagnole-des-municipalites-et-des-provinces-femp\/","title":{"rendered":"La Maire d&rsquo;Aranjuez, nomm\u00e9e membre de la Commission de Patrimoine Historique Culturel de la F\u00c9D\u00c9RATION ESPAGNOLE DES MUNICIPALIT\u00c9S ET DES PROVINCES (FEMP)"},"content":{"rendered":"<p style=\"text-align: center\"><em><strong>NOTE D&rsquo;INFORMATION<\/strong><\/em><\/p>\n<p><strong>LA MAIRE D&rsquo;ARANJUEZ, NOMM\u00c9E MEMBRE DE LA COMMISSION DU PATRIMOINE HISTORIQUE CULTUREL DE LA F\u00c9D\u00c9RATION ESPAGNOLE DES MUNICIPALIT\u00c9S ET DES PROVINCES (FEMP)<\/strong><\/p>\n<p>Vendredi 22 mai, la nouvelle Commission est constitu\u00e9e, avec pour principal objectif de r\u00e9activer le tourisme culturel et patrimonial apr\u00e8s la crise COVID-19.<\/p>\n<p><em>Aranjuez, 21 mai 2020<\/em><\/p>\n<p>Vendredi prochain, le 22 mai, aura lieu la constitution de la Commission du patrimoine historique et culturel de la F\u00e9d\u00e9ration espagnole des municipalit\u00e9s et provinces (FEMP), dont le maire d&rsquo;Aranjuez, Mar\u00eda Jos\u00e9 Mart\u00ednez de la Fuente, est membre du conseil d&rsquo;administration.<\/p>\n<p>La r\u00e9union se tiendra par visioconf\u00e9rence o\u00f9, en plus de la constitution officielle de la Commission, le rapport de gestion 2015-2019 sera pr\u00e9sent\u00e9, le R\u00e9seau des entit\u00e9s locales sera inform\u00e9 de l&rsquo;\u00e9laboration des objectifs de d\u00e9veloppement durable (ODD) et les propositions seront pr\u00e9sent\u00e9es des actions de la Commission, avec une attention particuli\u00e8re \u00e0 la situation g\u00e9n\u00e9r\u00e9e par les crises COVID-19.<\/p>\n<p>La Commission du patrimoine historique et culturel a pour objectif de collaborer et de coop\u00e9rer \u00e0 la pr\u00e9servation du patrimoine historique des villes espagnoles. Le r\u00f4le de cette commission au sein de la FEMP est tr\u00e8s pertinent, non seulement en raison de l&rsquo;engagement \u00e0 pr\u00e9server ses b\u00e2timents mais aussi parce que le patrimoine constitue un moteur \u00e9conomique de premier plan. Parmi les commissions que cette commission a confi\u00e9es figurent la promotion de la collaboration avec toutes les administrations publiques pour garantir la conservation du patrimoine dans le cadre du programme culturel de 1,5% et le renforcement de la collaboration public-priv\u00e9 capable d&rsquo;obtenir des financements pour gr\u00e2ce au m\u00e9c\u00e9nat de proximit\u00e9.<\/p>\n<p>L&rsquo;objectif principal de la r\u00e9union convoqu\u00e9e est de pr\u00e9senter des propositions pour pr\u00e9parer un plan de travail visant \u00e0 accorder une attention prioritaire \u00e0 la situation g\u00e9n\u00e9r\u00e9e par la crise COVID-19, en mettant en valeur le patrimoine culturel historique en tant que moteur de croissance \u00e9conomique et sociale. de notre soci\u00e9t\u00e9. Dans ce sens, face aux enjeux qui s&rsquo;imposent pour la pr\u00e9servation de la sant\u00e9 publique et la relance des activit\u00e9s patrimoniales et culturelles, la FEMP propose plusieurs pistes de travail et met en \u00e9vidence les trois aspects avec lesquels elle souhaite r\u00e9pondre \u00e0 la crise sanitaire:<\/p>\n<ul>\n<li>Pr\u00e9paration de recommandations et de documents techniques destin\u00e9s \u00e0 emp\u00eacher les efforts de d\u00e9sinfection d&rsquo;endommager notre patrimoine et \u00e0 informer les autorit\u00e9s comp\u00e9tentes en mati\u00e8re de nettoyage et de conservation du patrimoine des produits et techniques \u00e0 utiliser pour r\u00e9pondre aux besoins de d\u00e9sinfection impos\u00e9s par la pand\u00e9mie , adapt\u00e9 aux caract\u00e9ristiques du patrimoine.<\/li>\n<li>Protection de la sant\u00e9: diverses instructions ont \u00e9t\u00e9 \u00e9mises pour pr\u00e9server la sant\u00e9 des travailleurs et des visiteurs, prescrivant un \u00e9quipement obligatoire et un ensemble d&rsquo;indications concernant les distances, les mesures de s\u00e9curit\u00e9, l&rsquo;hygi\u00e8ne et la distance, etc.<\/li>\n<li>Besoin d&rsquo;innover dans les produits et les nouveaux modes de diffusion. La diminution de la capacit\u00e9 autoris\u00e9e et d&rsquo;autres restrictions d&rsquo;acc\u00e8s ont ouvert une piste de r\u00e9flexion pour trouver de nouvelles fa\u00e7ons de fournir des services et de diffuser notre patrimoine. Dans le type face \u00e0 face, il est sugg\u00e9r\u00e9 de les personnaliser pour leur donner une meilleure qualit\u00e9; Dans le second cas, il est propos\u00e9 de cr\u00e9er ou de valoriser les formes de relation num\u00e9rique avec le patrimoine: catalogues en ligne, visites virtuelles, programmes de diffusion, \u00e9ducation, formation, etc.<\/li>\n<\/ul>\n<p>\u00ab\u00a0C&rsquo;est important et c&rsquo;est une bonne nouvelle pour Aranjuez de faire partie de cette commission\u00a0\u00bb a d\u00e9clar\u00e9 le maire de la rivi\u00e8re, qui a soulign\u00e9 \u00ab\u00a0l&rsquo;\u00e9norme empreinte patrimoniale et paysag\u00e8re du site royal o\u00f9 nous avons la pr\u00e9servation de notre patrimoine et le respect de l&rsquo;environnement naturel. \u00e9quilibr\u00e9e avec les particularit\u00e9s d&rsquo;\u00eatre une ville touristique \u00bb.<\/p>\n<p>Mar\u00eda Jos\u00e9 Mart\u00ednez de la Fuente a d\u00e9clar\u00e9 qu&rsquo;elle d\u00e9fendrait \u00abla n\u00e9cessit\u00e9 de trouver de nouvelles fa\u00e7ons de continuer \u00e0 fournir des services culturels et touristiques dans la nouvelle \u00e8re que la pand\u00e9mie nous a impos\u00e9e, garantissant des emplois qui tournent autour de l&rsquo;hospitalit\u00e9, du tourisme, qualit\u00e9 du patrimoine et de la culture \u00bb.<\/p>\n","protected":false},"excerpt":{"rendered":"<p>NOTE D&rsquo;INFORMATION LA MAIRE D&rsquo;ARANJUEZ, NOMM\u00c9E MEMBRE DE LA COMMISSION DU PATRIMOINE HISTORIQUE CULTUREL DE LA F\u00c9D\u00c9RATION ESPAGNOLE DES MUNICIPALIT\u00c9S ET DES PROVINCES (FEMP) Vendredi 22 mai, la nouvelle Commission est constitu\u00e9e, avec pour principal objectif de r\u00e9activer le tourisme culturel et patrimonial apr\u00e8s la crise COVID-19. Aranjuez, 21 mai 2020 Vendredi prochain, le 22 [&hellip;]<\/p>\n","protected":false},"author":8,"featured_media":21327,"comment_status":"open","ping_status":"open","sticky":false,"template":"","format":"standard","meta":{"_acf_changed":false,"footnotes":""},"categories":[1],"tags":[],"acf":[],"_links":{"self":[{"href":"https:\/\/www.ovpm.org\/fr\/wp-json\/wp\/v2\/posts\/21332"}],"collection":[{"href":"https:\/\/www.ovpm.org\/fr\/wp-json\/wp\/v2\/posts"}],"about":[{"href":"https:\/\/www.ovpm.org\/fr\/wp-json\/wp\/v2\/types\/post"}],"author":[{"embeddable":true,"href":"https:\/\/www.ovpm.org\/fr\/wp-json\/wp\/v2\/users\/8"}],"replies":[{"embeddable":true,"href":"https:\/\/www.ovpm.org\/fr\/wp-json\/wp\/v2\/comments?post=21332"}],"version-history":[{"count":0,"href":"https:\/\/www.ovpm.org\/fr\/wp-json\/wp\/v2\/posts\/21332\/revisions"}],"wp:featuredmedia":[{"embeddable":true,"href":"https:\/\/www.ovpm.org\/fr\/wp-json\/wp\/v2\/media\/21327"}],"wp:attachment":[{"href":"https:\/\/www.ovpm.org\/fr\/wp-json\/wp\/v2\/media?parent=21332"}],"wp:term":[{"taxonomy":"category","embeddable":true,"href":"https:\/\/www.ovpm.org\/fr\/wp-json\/wp\/v2\/categories?post=21332"},{"taxonomy":"post_tag","embeddable":true,"href":"https:\/\/www.ovpm.org\/fr\/wp-json\/wp\/v2\/tags?post=21332"}],"curies":[{"name":"wp","href":"https:\/\/api.w.org\/{rel}","templated":true}]}}