{"id":19921,"date":"2019-12-17T08:28:58","date_gmt":"2019-12-17T08:28:58","guid":{"rendered":"https:\/\/www.ovpm.org\/?p=19921"},"modified":"2019-12-17T20:54:39","modified_gmt":"2019-12-17T20:54:39","slug":"cordoba-entame-les-celebrations-du-25e-anniversaire-de-linscription-de-son-centre-historique-sur-la-liste-du-patrimoine-mondial","status":"publish","type":"post","link":"https:\/\/www.ovpm.org\/fr\/2019\/12\/17\/cordoba-entame-les-celebrations-du-25e-anniversaire-de-linscription-de-son-centre-historique-sur-la-liste-du-patrimoine-mondial\/","title":{"rendered":"Cordoue entame les c\u00e9l\u00e9brations du 25e anniversaire de l&rsquo;inscription de son centre historique sur la liste du patrimoine mondial"},"content":{"rendered":"<p><img loading=\"lazy\" decoding=\"async\" class=\"alignnone size-medium wp-image-19913\" src=\"https:\/\/www.ovpm.org\/wp-content\/uploads\/2019\/12\/img20191214165328093-300x300.jpg\" alt=\"\" width=\"300\" height=\"300\" srcset=\"https:\/\/www.ovpm.org\/wp-content\/uploads\/2019\/12\/img20191214165328093-300x300.jpg 300w, https:\/\/www.ovpm.org\/wp-content\/uploads\/2019\/12\/img20191214165328093-150x150.jpg 150w, https:\/\/www.ovpm.org\/wp-content\/uploads\/2019\/12\/img20191214165328093.jpg 320w\" sizes=\"(max-width: 300px) 100vw, 300px\" \/><\/p>\n<p>Jeudi dernier, la comm\u00e9moration du 25<sup>e<\/sup> anniversaire de l&rsquo;inscription du centre historique de Cordoue sur la liste du patrimoine mondial de l&rsquo;UNESCO a \u00e9t\u00e9 lanc\u00e9e.<\/p>\n<p>La c\u00e9l\u00e9bration a consist\u00e9 en un acte institutionnel, dans la salle des mosa\u00efques de l&rsquo;Alcazar de los Reyes Cristianos, avec l&rsquo;intervention de la d\u00e9l\u00e9gu\u00e9e du Centre historique, Laura Ruiz, et du maire de Cordoue, Jos\u00e9 Mar\u00eda Bellido, qui ont lu la d\u00e9claration institutionnelle au nom de tous les groupes politiques du conseil municipal. Par la suite, une cartographie vid\u00e9o a \u00e9t\u00e9 projet\u00e9e \u00e0 la Puerta del Puente et les actes se sont termin\u00e9s par un concert du guitariste Vicente Amigo \u00e0 l&rsquo;int\u00e9rieur de la Mosqu\u00e9e-Cath\u00e9drale de Cordoue, acte qui a r\u00e9uni trois d\u00e9clarations de l&rsquo;humanit\u00e9, la Mosqu\u00e9e, le flamenco et le Centre historique.<\/p>\n<p>Tout au long de l&rsquo;ann\u00e9e 2020, de nombreuses activit\u00e9s de sensibilisation, d&rsquo;\u00e9ducation, de promotion du patrimoine, de culture et de tourisme seront organis\u00e9es pour c\u00e9l\u00e9brer ce 25<sup>e<\/sup> anniversaire.<\/p>\n<p>Le Centre historique de Cordoue a \u00e9t\u00e9 inscrit sur la Liste du patrimoine mondial lors de la 18<sup>e<\/sup> session de l&rsquo;Assembl\u00e9e g\u00e9n\u00e9rale de l&rsquo;UNESCO, tenue du 12 au 17 d\u00e9cembre 1994 \u00e0 Phuket, Tha\u00eflande. \u00ab Le Comit\u00e9 a approuv\u00e9 l&rsquo;extension de l&rsquo;inscription existante de la Mosqu\u00e9e-Cath\u00e9drale de Cordoue pour inclure ses environs et a repris la suggestion du D\u00e9l\u00e9gu\u00e9 de l&rsquo;Espagne, Jes\u00fas Vi\u00f1uela Gonz\u00e1lez, Directeur g\u00e9n\u00e9ral des Beaux-Arts et de la Conservation et restauration des biens culturels, d&rsquo;adopter le nom \u00ab\u00a0Le Centre historique de Cordoue\u00a0\u00bb\u00a0<span style=\"color: #141414;\"><span style=\"font-family: Verdana, Segoe UI, Helvetica Neue, Helvetica, Roboto, Oxygen, Ubuntu, Cantarell, Fira Sans, Droid Sans, sans-serif;\"><span style=\"font-size: small;\">\u00bb.\u00a0<\/span><\/span><\/span><\/p>\n<p><img loading=\"lazy\" decoding=\"async\" class=\"alignnone size-medium wp-image-19908 alignleft\" src=\"https:\/\/www.ovpm.org\/wp-content\/uploads\/2019\/12\/cordoba-vicente-amigo28xoptimizadax-kyk-1350x900abc-300x200.jpg\" alt=\"\" width=\"300\" height=\"200\" srcset=\"https:\/\/www.ovpm.org\/wp-content\/uploads\/2019\/12\/cordoba-vicente-amigo28xoptimizadax-kyk-1350x900abc-300x200.jpg 300w, https:\/\/www.ovpm.org\/wp-content\/uploads\/2019\/12\/cordoba-vicente-amigo28xoptimizadax-kyk-1350x900abc-768x512.jpg 768w, https:\/\/www.ovpm.org\/wp-content\/uploads\/2019\/12\/cordoba-vicente-amigo28xoptimizadax-kyk-1350x900abc-1024x683.jpg 1024w, https:\/\/www.ovpm.org\/wp-content\/uploads\/2019\/12\/cordoba-vicente-amigo28xoptimizadax-kyk-1350x900abc-1200x800.jpg 1200w, https:\/\/www.ovpm.org\/wp-content\/uploads\/2019\/12\/cordoba-vicente-amigo28xoptimizadax-kyk-1350x900abc.jpg 1350w\" sizes=\"(max-width: 300px) 100vw, 300px\" \/><img loading=\"lazy\" decoding=\"async\" class=\"alignnone wp-image-19884 alignleft\" src=\"https:\/\/www.ovpm.org\/wp-content\/uploads\/2019\/12\/img-20191213-wa0053-225x300.jpg\" alt=\"\" width=\"192\" height=\"256\" srcset=\"https:\/\/www.ovpm.org\/wp-content\/uploads\/2019\/12\/img-20191213-wa0053-225x300.jpg 225w, https:\/\/www.ovpm.org\/wp-content\/uploads\/2019\/12\/img-20191213-wa0053-768x1024.jpg 768w, https:\/\/www.ovpm.org\/wp-content\/uploads\/2019\/12\/img-20191213-wa0053-300x400.jpg 300w, https:\/\/www.ovpm.org\/wp-content\/uploads\/2019\/12\/img-20191213-wa0053-900x1200.jpg 900w, https:\/\/www.ovpm.org\/wp-content\/uploads\/2019\/12\/img-20191213-wa0053.jpg 1500w\" sizes=\"(max-width: 192px) 100vw, 192px\" \/><img loading=\"lazy\" decoding=\"async\" class=\"alignnone size-medium wp-image-19905 alignleft\" src=\"https:\/\/www.ovpm.org\/wp-content\/uploads\/2019\/12\/cordoba-vicente-amigo29xoptimizadax-kyk-1443x900abc-300x187.jpg\" alt=\"\" width=\"300\" height=\"187\" srcset=\"https:\/\/www.ovpm.org\/wp-content\/uploads\/2019\/12\/cordoba-vicente-amigo29xoptimizadax-kyk-1443x900abc-300x187.jpg 300w, https:\/\/www.ovpm.org\/wp-content\/uploads\/2019\/12\/cordoba-vicente-amigo29xoptimizadax-kyk-1443x900abc-768x479.jpg 768w, https:\/\/www.ovpm.org\/wp-content\/uploads\/2019\/12\/cordoba-vicente-amigo29xoptimizadax-kyk-1443x900abc-1024x639.jpg 1024w, https:\/\/www.ovpm.org\/wp-content\/uploads\/2019\/12\/cordoba-vicente-amigo29xoptimizadax-kyk-1443x900abc-1200x748.jpg 1200w, https:\/\/www.ovpm.org\/wp-content\/uploads\/2019\/12\/cordoba-vicente-amigo29xoptimizadax-kyk-1443x900abc.jpg 1443w\" sizes=\"(max-width: 300px) 100vw, 300px\" \/><img loading=\"lazy\" decoding=\"async\" class=\"alignnone size-medium wp-image-19887 alignleft\" src=\"https:\/\/www.ovpm.org\/wp-content\/uploads\/2019\/12\/img20191213060255-300x200.jpg\" alt=\"\" width=\"300\" height=\"200\" srcset=\"https:\/\/www.ovpm.org\/wp-content\/uploads\/2019\/12\/img20191213060255-300x200.jpg 300w, https:\/\/www.ovpm.org\/wp-content\/uploads\/2019\/12\/img20191213060255-768x513.jpg 768w, https:\/\/www.ovpm.org\/wp-content\/uploads\/2019\/12\/img20191213060255-1024x684.jpg 1024w, https:\/\/www.ovpm.org\/wp-content\/uploads\/2019\/12\/img20191213060255.jpg 1080w\" sizes=\"(max-width: 300px) 100vw, 300px\" \/><img loading=\"lazy\" decoding=\"async\" class=\"alignnone size-medium wp-image-19893 alignleft\" src=\"https:\/\/www.ovpm.org\/wp-content\/uploads\/2019\/12\/cordoba-vicente-amigo4xoptimizadax-kyk-1369x900abc-300x197.jpg\" alt=\"\" width=\"300\" height=\"197\" srcset=\"https:\/\/www.ovpm.org\/wp-content\/uploads\/2019\/12\/cordoba-vicente-amigo4xoptimizadax-kyk-1369x900abc-300x197.jpg 300w, https:\/\/www.ovpm.org\/wp-content\/uploads\/2019\/12\/cordoba-vicente-amigo4xoptimizadax-kyk-1369x900abc-768x505.jpg 768w, https:\/\/www.ovpm.org\/wp-content\/uploads\/2019\/12\/cordoba-vicente-amigo4xoptimizadax-kyk-1369x900abc-1024x673.jpg 1024w, https:\/\/www.ovpm.org\/wp-content\/uploads\/2019\/12\/cordoba-vicente-amigo4xoptimizadax-kyk-1369x900abc-1200x789.jpg 1200w, https:\/\/www.ovpm.org\/wp-content\/uploads\/2019\/12\/cordoba-vicente-amigo4xoptimizadax-kyk-1369x900abc.jpg 1369w\" sizes=\"(max-width: 300px) 100vw, 300px\" \/><img loading=\"lazy\" decoding=\"async\" class=\"alignnone size-medium wp-image-19902 alignleft\" src=\"https:\/\/www.ovpm.org\/wp-content\/uploads\/2019\/12\/cordoba-vicente-amigo30xoptimizadax-kyk-1401x900abc-300x193.jpg\" alt=\"\" width=\"300\" height=\"193\" srcset=\"https:\/\/www.ovpm.org\/wp-content\/uploads\/2019\/12\/cordoba-vicente-amigo30xoptimizadax-kyk-1401x900abc-300x193.jpg 300w, https:\/\/www.ovpm.org\/wp-content\/uploads\/2019\/12\/cordoba-vicente-amigo30xoptimizadax-kyk-1401x900abc-768x493.jpg 768w, https:\/\/www.ovpm.org\/wp-content\/uploads\/2019\/12\/cordoba-vicente-amigo30xoptimizadax-kyk-1401x900abc-1024x658.jpg 1024w, https:\/\/www.ovpm.org\/wp-content\/uploads\/2019\/12\/cordoba-vicente-amigo30xoptimizadax-kyk-1401x900abc-1200x771.jpg 1200w, https:\/\/www.ovpm.org\/wp-content\/uploads\/2019\/12\/cordoba-vicente-amigo30xoptimizadax-kyk-1401x900abc.jpg 1401w\" sizes=\"(max-width: 300px) 100vw, 300px\" \/><img loading=\"lazy\" decoding=\"async\" class=\"alignnone size-medium wp-image-19866 alignleft\" src=\"https:\/\/www.ovpm.org\/wp-content\/uploads\/2019\/12\/elms-f3wwaaz2jd-300x200.jpg\" alt=\"\" width=\"300\" height=\"200\" srcset=\"https:\/\/www.ovpm.org\/wp-content\/uploads\/2019\/12\/elms-f3wwaaz2jd-300x200.jpg 300w, https:\/\/www.ovpm.org\/wp-content\/uploads\/2019\/12\/elms-f3wwaaz2jd-768x512.jpg 768w, https:\/\/www.ovpm.org\/wp-content\/uploads\/2019\/12\/elms-f3wwaaz2jd-1024x682.jpg 1024w, https:\/\/www.ovpm.org\/wp-content\/uploads\/2019\/12\/elms-f3wwaaz2jd-1200x800.jpg 1200w, https:\/\/www.ovpm.org\/wp-content\/uploads\/2019\/12\/elms-f3wwaaz2jd.jpg 1280w\" sizes=\"(max-width: 300px) 100vw, 300px\" \/><img loading=\"lazy\" decoding=\"async\" class=\"alignnone size-medium wp-image-19860 alignleft\" src=\"https:\/\/www.ovpm.org\/wp-content\/uploads\/2019\/12\/elms-f5w4am65tg-300x200.jpg\" alt=\"\" width=\"300\" height=\"200\" srcset=\"https:\/\/www.ovpm.org\/wp-content\/uploads\/2019\/12\/elms-f5w4am65tg-300x200.jpg 300w, https:\/\/www.ovpm.org\/wp-content\/uploads\/2019\/12\/elms-f5w4am65tg-768x512.jpg 768w, https:\/\/www.ovpm.org\/wp-content\/uploads\/2019\/12\/elms-f5w4am65tg-1024x682.jpg 1024w, https:\/\/www.ovpm.org\/wp-content\/uploads\/2019\/12\/elms-f5w4am65tg-1200x800.jpg 1200w, https:\/\/www.ovpm.org\/wp-content\/uploads\/2019\/12\/elms-f5w4am65tg.jpg 1280w\" sizes=\"(max-width: 300px) 100vw, 300px\" \/><img loading=\"lazy\" decoding=\"async\" class=\"alignnone size-medium wp-image-19875 alignleft\" src=\"https:\/\/www.ovpm.org\/wp-content\/uploads\/2019\/12\/elmsakxkaiffaa-300x200.jpg\" alt=\"\" width=\"300\" height=\"200\" srcset=\"https:\/\/www.ovpm.org\/wp-content\/uploads\/2019\/12\/elmsakxkaiffaa-300x200.jpg 300w, https:\/\/www.ovpm.org\/wp-content\/uploads\/2019\/12\/elmsakxkaiffaa-768x512.jpg 768w, https:\/\/www.ovpm.org\/wp-content\/uploads\/2019\/12\/elmsakxkaiffaa-1024x682.jpg 1024w, https:\/\/www.ovpm.org\/wp-content\/uploads\/2019\/12\/elmsakxkaiffaa-1200x800.jpg 1200w, https:\/\/www.ovpm.org\/wp-content\/uploads\/2019\/12\/elmsakxkaiffaa.jpg 1280w\" sizes=\"(max-width: 300px) 100vw, 300px\" \/><img loading=\"lazy\" decoding=\"async\" class=\"alignnone size-medium wp-image-19881 alignleft\" src=\"https:\/\/www.ovpm.org\/wp-content\/uploads\/2019\/12\/elmsajx0amvkq8-300x200.jpg\" alt=\"\" width=\"300\" height=\"200\" srcset=\"https:\/\/www.ovpm.org\/wp-content\/uploads\/2019\/12\/elmsajx0amvkq8-300x200.jpg 300w, https:\/\/www.ovpm.org\/wp-content\/uploads\/2019\/12\/elmsajx0amvkq8-768x512.jpg 768w, https:\/\/www.ovpm.org\/wp-content\/uploads\/2019\/12\/elmsajx0amvkq8-1024x682.jpg 1024w, https:\/\/www.ovpm.org\/wp-content\/uploads\/2019\/12\/elmsajx0amvkq8-1200x800.jpg 1200w, https:\/\/www.ovpm.org\/wp-content\/uploads\/2019\/12\/elmsajx0amvkq8.jpg 1280w\" sizes=\"(max-width: 300px) 100vw, 300px\" \/><\/p>\n<p>&nbsp;<\/p>\n<p>&nbsp;<\/p>\n","protected":false},"excerpt":{"rendered":"<p>Jeudi dernier, la comm\u00e9moration du 25e anniversaire de l&rsquo;inscription du centre historique de Cordoue sur la liste du patrimoine mondial de l&rsquo;UNESCO a \u00e9t\u00e9 lanc\u00e9e. La c\u00e9l\u00e9bration a consist\u00e9 en un acte institutionnel, dans la salle des mosa\u00efques de l&rsquo;Alcazar de los Reyes Cristianos, avec l&rsquo;intervention de la d\u00e9l\u00e9gu\u00e9e du Centre historique, Laura Ruiz, et [&hellip;]<\/p>\n","protected":false},"author":8,"featured_media":19881,"comment_status":"open","ping_status":"open","sticky":false,"template":"","format":"standard","meta":{"_acf_changed":false,"footnotes":""},"categories":[1],"tags":[],"acf":[],"_links":{"self":[{"href":"https:\/\/www.ovpm.org\/fr\/wp-json\/wp\/v2\/posts\/19921"}],"collection":[{"href":"https:\/\/www.ovpm.org\/fr\/wp-json\/wp\/v2\/posts"}],"about":[{"href":"https:\/\/www.ovpm.org\/fr\/wp-json\/wp\/v2\/types\/post"}],"author":[{"embeddable":true,"href":"https:\/\/www.ovpm.org\/fr\/wp-json\/wp\/v2\/users\/8"}],"replies":[{"embeddable":true,"href":"https:\/\/www.ovpm.org\/fr\/wp-json\/wp\/v2\/comments?post=19921"}],"version-history":[{"count":0,"href":"https:\/\/www.ovpm.org\/fr\/wp-json\/wp\/v2\/posts\/19921\/revisions"}],"wp:featuredmedia":[{"embeddable":true,"href":"https:\/\/www.ovpm.org\/fr\/wp-json\/wp\/v2\/media\/19881"}],"wp:attachment":[{"href":"https:\/\/www.ovpm.org\/fr\/wp-json\/wp\/v2\/media?parent=19921"}],"wp:term":[{"taxonomy":"category","embeddable":true,"href":"https:\/\/www.ovpm.org\/fr\/wp-json\/wp\/v2\/categories?post=19921"},{"taxonomy":"post_tag","embeddable":true,"href":"https:\/\/www.ovpm.org\/fr\/wp-json\/wp\/v2\/tags?post=19921"}],"curies":[{"name":"wp","href":"https:\/\/api.w.org\/{rel}","templated":true}]}}