{"id":14471,"date":"2018-02-19T10:01:04","date_gmt":"2018-02-19T10:01:04","guid":{"rendered":"https:\/\/www.ovpm.org\/2018\/02\/19\/plan-daction-de-la-convention-de-faro-conseil-de-leurope\/"},"modified":"2018-10-04T20:32:29","modified_gmt":"2018-10-04T20:32:29","slug":"plan-daction-de-la-convention-de-faro-conseil-de-leurope","status":"publish","type":"post","link":"https:\/\/www.ovpm.org\/fr\/2018\/02\/19\/plan-daction-de-la-convention-de-faro-conseil-de-leurope\/","title":{"rendered":"Plan d&rsquo;action de la Convention de Faro | Conseil de l&rsquo;Europe"},"content":{"rendered":"<h2><strong>Plan d&rsquo;action de la Convention de Faro | Conseil de l&rsquo;Europe<\/strong><\/h2>\n<p>Le plan d&rsquo;action de Faro vise \u00e0 mettre en pratique les principes de la Convention de Faro. La Convention de Faro met en lumi\u00e8re les aspects importants du patrimoine en ce qui concerne les droits de l&rsquo;homme et la d\u00e9mocratie. Il favorise une compr\u00e9hension plus large du patrimoine et de sa relation avec les communaut\u00e9s et la soci\u00e9t\u00e9.<\/p>\n<p><iframe loading=\"lazy\" title=\"Convention de Faro\" width=\"500\" height=\"281\" src=\"https:\/\/www.youtube.com\/embed\/7l6RYM1xMnA?feature=oembed\" frameborder=\"0\" allow=\"accelerometer; autoplay; clipboard-write; encrypted-media; gyroscope; picture-in-picture; web-share\" referrerpolicy=\"strict-origin-when-cross-origin\" allowfullscreen><\/iframe><\/p>\n<p>&nbsp;<\/p>\n<p>Le film du Plan d&rsquo;Action de la Convention de Faro (15 min 27) pr\u00e9sente le fonctionnement du Plan d&rsquo;Action, agr\u00e9ment\u00e9 par des t\u00e9moignages des communaut\u00e9s. Il s&rsquo;agit d&rsquo;un suivi du film promotionnel de la Convention de Faro et s&rsquo;adresse \u00e0 un public d\u00e9j\u00e0 familier avec la Convention, cherchant des informations plus d\u00e9taill\u00e9es sur son mode op\u00e9rationnel.<\/p>\n<p>Vid\u00e9o en anglais seulement\u00a0:<\/p>\n<p><iframe loading=\"lazy\" title=\"Faro Convention Action Plan\" width=\"500\" height=\"281\" src=\"https:\/\/www.youtube.com\/embed\/zct9RW-jcQU?feature=oembed\" frameborder=\"0\" allow=\"accelerometer; autoplay; clipboard-write; encrypted-media; gyroscope; picture-in-picture; web-share\" referrerpolicy=\"strict-origin-when-cross-origin\" allowfullscreen><\/iframe><\/p>\n<p>&nbsp;<\/p>\n<p>Vous d\u00e9sirez en savoir plus sur la Convention de Faro? Cliquez sur ce lien\u00a0: <a href=\"https:\/\/www.coe.int\/fr\/web\/culture-and-heritage\/faro-action-plan\">https:\/\/www.coe.int\/fr\/web\/culture-and-heritage\/faro-action-plan<\/a><\/p>\n","protected":false},"excerpt":{"rendered":"<p>Plan d&rsquo;action de la Convention de Faro | Conseil de l&rsquo;Europe Le plan d&rsquo;action de Faro vise \u00e0 mettre en pratique les principes de la Convention de Faro. La Convention de Faro met en lumi\u00e8re les aspects importants du patrimoine en ce qui concerne les droits de l&rsquo;homme et la d\u00e9mocratie. Il favorise une compr\u00e9hension [&hellip;]<\/p>\n","protected":false},"author":1,"featured_media":14468,"comment_status":"open","ping_status":"open","sticky":false,"template":"","format":"standard","meta":{"_acf_changed":false,"footnotes":""},"categories":[1],"tags":[],"acf":[],"_links":{"self":[{"href":"https:\/\/www.ovpm.org\/fr\/wp-json\/wp\/v2\/posts\/14471"}],"collection":[{"href":"https:\/\/www.ovpm.org\/fr\/wp-json\/wp\/v2\/posts"}],"about":[{"href":"https:\/\/www.ovpm.org\/fr\/wp-json\/wp\/v2\/types\/post"}],"author":[{"embeddable":true,"href":"https:\/\/www.ovpm.org\/fr\/wp-json\/wp\/v2\/users\/1"}],"replies":[{"embeddable":true,"href":"https:\/\/www.ovpm.org\/fr\/wp-json\/wp\/v2\/comments?post=14471"}],"version-history":[{"count":0,"href":"https:\/\/www.ovpm.org\/fr\/wp-json\/wp\/v2\/posts\/14471\/revisions"}],"wp:featuredmedia":[{"embeddable":true,"href":"https:\/\/www.ovpm.org\/fr\/wp-json\/wp\/v2\/media\/14468"}],"wp:attachment":[{"href":"https:\/\/www.ovpm.org\/fr\/wp-json\/wp\/v2\/media?parent=14471"}],"wp:term":[{"taxonomy":"category","embeddable":true,"href":"https:\/\/www.ovpm.org\/fr\/wp-json\/wp\/v2\/categories?post=14471"},{"taxonomy":"post_tag","embeddable":true,"href":"https:\/\/www.ovpm.org\/fr\/wp-json\/wp\/v2\/tags?post=14471"}],"curies":[{"name":"wp","href":"https:\/\/api.w.org\/{rel}","templated":true}]}}