{"id":13542,"date":"2015-09-09T08:25:00","date_gmt":"2015-09-09T08:25:00","guid":{"rendered":"https:\/\/www.ovpm.org\/2015\/09\/09\/3e-concours-de-jeunes-photographes-sur-les-villes-du-patrimoine-mondial\/"},"modified":"2015-09-09T08:25:00","modified_gmt":"2015-09-09T08:25:00","slug":"3e-concours-de-jeunes-photographes-sur-les-villes-du-patrimoine-mondial","status":"publish","type":"post","link":"https:\/\/www.ovpm.org\/fr\/2015\/09\/09\/3e-concours-de-jeunes-photographes-sur-les-villes-du-patrimoine-mondial\/","title":{"rendered":"3e Concours de Jeunes Photographes sur les Villes du Patrimoine Mondial"},"content":{"rendered":"<div style=\"margin-bottom: 0cm;\">\n<h2 align=\"center\" style=\"margin-top: 0px; margin-right: 0px; margin-left: 0px; padding: 0px; border: 0px; outline: 0px; vertical-align: baseline; font-stretch: inherit; background-color: rgb(255, 255, 255);\">\n\t\t<span style=\"color:#ff8c00;\"><span style=\"margin: 0px; padding: 0px; border: 0px; outline: 0px; vertical-align: baseline; font-family: inherit; font-size: inherit; font-style: inherit; font-variant: inherit; font-weight: inherit; font-stretch: inherit; line-height: inherit;\"><strong style=\"margin: 0px; padding: 0px; border: 0px; outline: 0px; vertical-align: baseline; font-family: inherit; font-size: inherit; font-style: inherit; font-variant: inherit; font-stretch: inherit; line-height: inherit;\">3<span style=\"margin: 0px; padding: 0px; border: 0px; outline: 0px; vertical-align: baseline; font-family: inherit; font-size: inherit; font-style: inherit; font-variant: inherit; font-weight: inherit; font-stretch: inherit; line-height: inherit;\">e&nbsp;<\/span>CONCOURS DE JEUNES PHOTOGRAPHES SUR LES VILLES DU<\/strong><\/span><\/span><\/h2>\n<h2 align=\"center\" style=\"margin-top: 0px; margin-right: 0px; margin-left: 0px; padding: 0px; border: 0px; outline: 0px; vertical-align: baseline; font-stretch: inherit; background-color: rgb(255, 255, 255);\">\n\t\t<span style=\"color:#ff8c00;\"><span style=\"margin: 0px; padding: 0px; border: 0px; outline: 0px; vertical-align: baseline; font-family: inherit; font-size: inherit; font-style: inherit; font-variant: inherit; font-weight: inherit; font-stretch: inherit; line-height: inherit;\"><strong style=\"margin: 0px; padding: 0px; border: 0px; outline: 0px; vertical-align: baseline; font-family: inherit; font-size: inherit; font-style: inherit; font-variant: inherit; font-stretch: inherit; line-height: inherit;\">PATRIMOINE MONDIAL 2015<\/strong><\/span><\/span><\/h2>\n<h2 align=\"center\" style=\"margin-top: 0px; margin-right: 0px; margin-left: 0px; padding: 0px; border: 0px; outline: 0px; vertical-align: baseline; font-stretch: inherit; background-color: rgb(255, 255, 255);\">\n\t\t<span style=\"color:#ff8c00;\"><span style=\"margin: 0px; padding: 0px; border: 0px; outline: 0px; vertical-align: baseline; font-family: inherit; font-size: inherit; font-style: inherit; font-variant: inherit; font-weight: inherit; font-stretch: inherit; line-height: inherit;\"><strong style=\"margin: 0px; padding: 0px; border: 0px; outline: 0px; vertical-align: baseline; font-family: inherit; font-size: inherit; font-style: inherit; font-variant: inherit; font-stretch: inherit; line-height: inherit;\">&nbsp;\u00ab Notre patrimoine&nbsp;: et toi, comment le vois-tu&nbsp;?&nbsp;\u00bb<\/strong><\/span><\/span><\/h2>\n<\/div>\n<p style=\"margin-bottom: 0cm\"><span style=\"font-size:16px;\"><span style=\"line-height: 1.6;\">Le<span style=\"color:#000080;\"> <strong>3e Concours de Jeunes Photographes sur les Villes du Patrimoine Mondial <\/strong><\/span>&nbsp;est organis\u00e9 dans le cadre du Plan d\u2019action 2015 du Secr\u00e9tariat R\u00e9gional de l\u2019Europe du Sud et de la M\u00e9diterran\u00e9e de l\u2019Organisation des villes du patrimoine mondial (OVPM).<\/span><\/span><\/p>\n<p style=\"margin-bottom: 0cm\"><span style=\"font-size:16px;\"><span style=\"line-height: 1.6;\">Le concours est ouvert aux jeunes n\u00e9s entre 1999 et 2005, qu\u2019ils soient visiteurs ou r\u00e9sidents des villes membres du Secr\u00e9tariat R\u00e9gional d\u2019Europe du Sud et de la M\u00e9diterran\u00e9e.<\/span><\/span><\/p>\n<p style=\"margin-bottom: 0cm\"><span style=\"font-size:16px;\"><span style=\"line-height: 1.6;\">Cette troisi\u00e8me \u00e9dition du concours vise \u00e0 refl\u00e9ter la perception, le degr\u00e9 de valorisation et la connaissance des jeunes sur les villes du Patrimoine Mondial o\u00f9 ils habitent, au travers de la repr\u00e9sentation qu\u2019ils en font dans les photographies pr\u00e9sent\u00e9es au concours.&nbsp;<\/span><span style=\"line-height: 1.6;\">Il est important que le concours mette l\u2019accent sur les aspects qui ont permis \u00e0 ces villes d\u2019\u00eatre inscrites sur la liste du Patrimoine mondial de l\u2019UNESCO, reflet d\u2019une exceptionnelle valeur universelle.&nbsp;<\/span><span style=\"line-height: 1.6;\">De m\u00eame, on encourage les participants de ce concours \u00e0 traiter dans leurs photos les sujets pr\u00e9sent\u00e9s par le Secr\u00e9tariat R\u00e9gional pour les ann\u00e9es 2015-2016: la jeunesse, la mobilit\u00e9, le tourisme, l\u00b4artisanat local et la pollution visuelle.<\/span><\/span><\/p>\n<p style=\"margin-bottom: 0cm\"><span style=\"font-size:16px;\"><span style=\"color: rgb(0, 0, 0); font-family: arial, helvetica, sans-serif; line-height: normal; background-color: rgb(255, 255, 255);\">Chaque participant pourra pr\u00e9senter un maximum de 2 photographies originales et devra acc\u00e9der au site web&nbsp;<\/span><span style=\"font-family: arial, helvetica, sans-serif; line-height: normal; color: rgb(0, 0, 128); background-color: rgb(255, 255, 255);\"><strong>www.ovpm.org\/fr\/concours-photo-jeunesse-edsm<\/strong><\/span><span style=\"color: rgb(0, 0, 0); font-family: arial, helvetica, sans-serif; line-height: normal; background-color: rgb(255, 255, 255);\">&nbsp;o\u00f9 il faut remplir un formulaire.<\/span><\/span><\/p>\n","protected":false},"excerpt":{"rendered":"<p>3e&nbsp;CONCOURS DE JEUNES PHOTOGRAPHES SUR LES VILLES DU PATRIMOINE MONDIAL 2015 &nbsp;\u00ab Notre patrimoine&nbsp;: et toi, comment le vois-tu&nbsp;?&nbsp;\u00bb Le 3e Concours de Jeunes Photographes sur les Villes du Patrimoine Mondial &nbsp;est organis\u00e9 dans le cadre du Plan d\u2019action 2015 du Secr\u00e9tariat R\u00e9gional de l\u2019Europe du Sud et de la M\u00e9diterran\u00e9e de l\u2019Organisation des villes [&hellip;]<\/p>\n","protected":false},"author":1,"featured_media":13543,"comment_status":"open","ping_status":"open","sticky":false,"template":"","format":"standard","meta":{"_acf_changed":false,"footnotes":""},"categories":[1],"tags":[],"acf":[],"_links":{"self":[{"href":"https:\/\/www.ovpm.org\/fr\/wp-json\/wp\/v2\/posts\/13542"}],"collection":[{"href":"https:\/\/www.ovpm.org\/fr\/wp-json\/wp\/v2\/posts"}],"about":[{"href":"https:\/\/www.ovpm.org\/fr\/wp-json\/wp\/v2\/types\/post"}],"author":[{"embeddable":true,"href":"https:\/\/www.ovpm.org\/fr\/wp-json\/wp\/v2\/users\/1"}],"replies":[{"embeddable":true,"href":"https:\/\/www.ovpm.org\/fr\/wp-json\/wp\/v2\/comments?post=13542"}],"version-history":[{"count":0,"href":"https:\/\/www.ovpm.org\/fr\/wp-json\/wp\/v2\/posts\/13542\/revisions"}],"wp:featuredmedia":[{"embeddable":true,"href":"https:\/\/www.ovpm.org\/fr\/wp-json\/wp\/v2\/media\/13543"}],"wp:attachment":[{"href":"https:\/\/www.ovpm.org\/fr\/wp-json\/wp\/v2\/media?parent=13542"}],"wp:term":[{"taxonomy":"category","embeddable":true,"href":"https:\/\/www.ovpm.org\/fr\/wp-json\/wp\/v2\/categories?post=13542"},{"taxonomy":"post_tag","embeddable":true,"href":"https:\/\/www.ovpm.org\/fr\/wp-json\/wp\/v2\/tags?post=13542"}],"curies":[{"name":"wp","href":"https:\/\/api.w.org\/{rel}","templated":true}]}}