{"id":13057,"date":"2014-12-12T07:02:33","date_gmt":"2014-12-12T07:02:33","guid":{"rendered":"https:\/\/www.ovpm.org\/2014\/12\/12\/gagnants-du-2eme-concours-de-jeunes-photographes-sur-les-villes-du-patrimoine-mondial\/"},"modified":"2014-12-12T07:02:33","modified_gmt":"2014-12-12T07:02:33","slug":"gagnants-du-2eme-concours-de-jeunes-photographes-sur-les-villes-du-patrimoine-mondial","status":"publish","type":"post","link":"https:\/\/www.ovpm.org\/fr\/2014\/12\/12\/gagnants-du-2eme-concours-de-jeunes-photographes-sur-les-villes-du-patrimoine-mondial\/","title":{"rendered":"Gagnants du 2\u00e8me Concours de Jeunes Photographes sur les Villes du Patrimoine Mondial"},"content":{"rendered":"<p class=\"rtecenter\" lang=\"fr-FR\" style=\"margin-bottom: 0cm; page-break-before: always;\"><span style=\"color:#000080;\"><span style=\"font-size:14px;\"><strong><span style=\"font-family: arial, sans-serif; line-height: 19.2000007629395px;\">2\u00e8me Concours de Jeunes Photographes sur les Villes du Patrimoine Mondial<\/span><\/strong><\/span><\/span><\/p>\n<p align=\"JUSTIFY\" lang=\"fr-FR\" style=\"margin-bottom: 0cm; page-break-before: always;\"><span style=\"font-size: 9pt; font-family: arial, sans-serif; color: rgb(34, 34, 34); line-height: 1.6;\">Au 14\u00e8me Conf\u00e9rence R\u00e9gionale, qui a eu lieu \u00e0 Cordoue du 25 \u00e0 27 Novembre, on a s\u00e9lectionn\u00e9 les gagnants du 2\u00e8me Concours de Jeunes Photographes sur les Villes du Patrimoine Mondial.<\/span><\/p>\n<p align=\"JUSTIFY\" lang=\"fr-FR\" style=\"margin-bottom: 0cm\"><span style=\"font-size: 9pt; font-family: arial, sans-serif; color: rgb(34, 34, 34); line-height: 1.6;\">Les gagnantes de cet \u00e9dition sont:<\/span><\/p>\n<p align=\"JUSTIFY\" lang=\"fr-FR\" style=\"margin-bottom: 0cm\"><strong style=\"line-height: 1.6;\"><font color=\"#000080\"><font face=\"arial, sans-serif\"><font style=\"font-size: 9pt\"><span lang=\"fr-FR\"><u><span style=\"font-weight: normal\">Premi\u00e8re Cat\u00e9gorie (2001,2002,2003, 2004)<\/span><\/u><\/span><\/font><\/font><\/font><\/strong><\/p>\n<ul>\n<li>\n<p align=\"JUSTIFY\"><strong><font color=\"#222222\"><font face=\"arial, sans-serif\"><font style=\"font-size: 9pt\"><span lang=\"fr-FR\"><span style=\"font-weight: normal\">Premier Prix<\/span><\/span><\/font><\/font><\/font><\/strong><font color=\"#222222\"><font face=\"arial, sans-serif\"><font style=\"font-size: 9pt\"><span lang=\"fr-FR\">. Pablo Rodr\u00edguez Sanz. \u00ab\u00a0La Plaza de la Catedral\u00a0\u00bb. Segovia<\/span><\/font><\/font><\/font><\/p>\n<\/li>\n<\/ul>\n<ul>\n<li>\n<p align=\"JUSTIFY\"><strong><font color=\"#222222\"><font face=\"arial, sans-serif\"><font style=\"font-size: 9pt\"><span lang=\"fr-FR\"><span style=\"font-weight: normal\">Deuxi\u00e8me Prix<\/span><\/span><\/font><\/font><\/font><\/strong><font color=\"#222222\"><font face=\"arial, sans-serif\"><font style=\"font-size: 9pt\"><span lang=\"fr-FR\">. Rodrigo Duarte Farinha de Jes\u00fas Bragan\u00e7a. \u00ab\u00a0Palacio da Pena\u00a0\u00bb. Sintra<\/span><\/font><\/font><\/font><\/p>\n<\/li>\n<\/ul>\n<ul>\n<li>\n<p align=\"JUSTIFY\"><strong><font color=\"#222222\"><font face=\"arial, sans-serif\"><font style=\"font-size: 9pt\"><span lang=\"fr-FR\"><span style=\"font-weight: normal\">Troisi\u00e8me Prix<\/span><\/span><\/font><\/font><\/font><\/strong><font color=\"#222222\"><font face=\"arial, sans-serif\"><font style=\"font-size: 9pt\"><span lang=\"fr-FR\">. Natalia Mill\u00e1n Prieto.\u00a0\u00bb Las Ruinas del Templo Romano\u00a0\u00bb. C\u00f3rdoba<\/span><\/font><\/font><\/font><\/p>\n<\/li>\n<\/ul>\n<p align=\"JUSTIFY\" lang=\"fr-FR\" style=\"margin-bottom: 0cm\"><strong style=\"line-height: 1.6;\"><font color=\"#000080\"><font face=\"arial, sans-serif\"><font style=\"font-size: 9pt\"><span lang=\"fr-FR\"><u><span style=\"font-weight: normal\">Deuxi\u00e8me Cat\u00e9gorie (1998,1999, 2000)<\/span><\/u><\/span><\/font><\/font><\/font><\/strong><\/p>\n<ul>\n<li>\n<p align=\"JUSTIFY\"><strong><font color=\"#222222\"><font face=\"arial, sans-serif\"><font style=\"font-size: 9pt\"><span lang=\"fr-FR\"><span style=\"font-weight: normal\">Premier Prix. <\/span><\/span><\/font><\/font><\/font><\/strong><font color=\"#222222\"><font face=\"arial, sans-serif\"><font style=\"font-size: 9pt\"><span lang=\"fr-FR\">Antonio Lara Sanz. \u00ab\u00a0La Corredera en su esplendor\u00a0\u00bb. C\u00f3rdoba<\/span><\/font><\/font><\/font><\/p>\n<\/li>\n<\/ul>\n<ul>\n<li>\n<p align=\"JUSTIFY\"><strong><font color=\"#222222\"><font face=\"arial, sans-serif\"><font style=\"font-size: 9pt\"><span lang=\"fr-FR\"><span style=\"font-weight: normal\">Deuxi\u00e8me Prix<\/span><\/span><\/font><\/font><\/font><\/strong><font color=\"#222222\"><font face=\"arial, sans-serif\"><font style=\"font-size: 9pt\"><span lang=\"fr-FR\">. Mario Civantos Mart\u00edn. \u00ab\u00a0Primavera Segoviana\u00a0\u00bb. Segovia<\/span><\/font><\/font><\/font><\/p>\n<\/li>\n<\/ul>\n<ul>\n<li>\n<p align=\"JUSTIFY\"><strong><font color=\"#222222\"><font face=\"arial, sans-serif\"><font style=\"font-size: 9pt\"><span lang=\"fr-FR\"><span style=\"font-weight: normal\">Troisi\u00e8me Prix. <\/span><\/span><\/font><\/font><\/font><\/strong><font color=\"#222222\"><font face=\"arial, sans-serif\"><font style=\"font-size: 9pt\"><span lang=\"fr-FR\">Lucia Casado Ronco. \u00ab\u00a0Al fondo la luz, a su derecha el cementerio\u00a0\u00bb. Segovia<\/span><\/font><\/font><\/font><\/p>\n<\/li>\n<\/ul>\n<p align=\"JUSTIFY\" lang=\"fr-FR\" style=\"margin-bottom: 0cm\"><span style=\"font-size: 9pt; font-family: arial, sans-serif; color: rgb(34, 34, 34); line-height: 1.6;\">D\u00e8s le Secr\u00e9tariat R\u00e9gional et la Commission d&rsquo;\u00c9ducation et Culture, on veut faire remarquer et remercier le r\u00f4le d\u00e9velopp\u00e9 par les professeurs des centres \u00e9ducatifs de nos villes, qui ont particip\u00e9 \u00e0 la diffusion de ce concours.<\/span><\/p>\n<p align=\"JUSTIFY\" lang=\"fr-FR\" style=\"margin-bottom: 0cm;\"><span style=\"font-size: 9pt; font-family: arial, sans-serif; color: rgb(34, 34, 34); line-height: 1.6;\">En outre, on va faire une exposition le 2015 avec tous les photos, donc tout le monde pourra les voir et d\u00e9couvrir le patrimoine de nos villes.&nbsp;<\/span><\/p>\n<p align=\"JUSTIFY\" lang=\"fr-FR\" style=\"margin-bottom: 0cm;\">&nbsp;<\/p>\n","protected":false},"excerpt":{"rendered":"<p>2\u00e8me Concours de Jeunes Photographes sur les Villes du Patrimoine Mondial Au 14\u00e8me Conf\u00e9rence R\u00e9gionale, qui a eu lieu \u00e0 Cordoue du 25 \u00e0 27 Novembre, on a s\u00e9lectionn\u00e9 les gagnants du 2\u00e8me Concours de Jeunes Photographes sur les Villes du Patrimoine Mondial. Les gagnantes de cet \u00e9dition sont: Premi\u00e8re Cat\u00e9gorie (2001,2002,2003, 2004) Premier Prix. [&hellip;]<\/p>\n","protected":false},"author":1,"featured_media":13058,"comment_status":"open","ping_status":"open","sticky":false,"template":"","format":"standard","meta":{"_acf_changed":false,"footnotes":""},"categories":[1],"tags":[],"acf":[],"_links":{"self":[{"href":"https:\/\/www.ovpm.org\/fr\/wp-json\/wp\/v2\/posts\/13057"}],"collection":[{"href":"https:\/\/www.ovpm.org\/fr\/wp-json\/wp\/v2\/posts"}],"about":[{"href":"https:\/\/www.ovpm.org\/fr\/wp-json\/wp\/v2\/types\/post"}],"author":[{"embeddable":true,"href":"https:\/\/www.ovpm.org\/fr\/wp-json\/wp\/v2\/users\/1"}],"replies":[{"embeddable":true,"href":"https:\/\/www.ovpm.org\/fr\/wp-json\/wp\/v2\/comments?post=13057"}],"version-history":[{"count":0,"href":"https:\/\/www.ovpm.org\/fr\/wp-json\/wp\/v2\/posts\/13057\/revisions"}],"wp:featuredmedia":[{"embeddable":true,"href":"https:\/\/www.ovpm.org\/fr\/wp-json\/wp\/v2\/media\/13058"}],"wp:attachment":[{"href":"https:\/\/www.ovpm.org\/fr\/wp-json\/wp\/v2\/media?parent=13057"}],"wp:term":[{"taxonomy":"category","embeddable":true,"href":"https:\/\/www.ovpm.org\/fr\/wp-json\/wp\/v2\/categories?post=13057"},{"taxonomy":"post_tag","embeddable":true,"href":"https:\/\/www.ovpm.org\/fr\/wp-json\/wp\/v2\/tags?post=13057"}],"curies":[{"name":"wp","href":"https:\/\/api.w.org\/{rel}","templated":true}]}}