{"id":12937,"date":"2014-10-06T14:36:30","date_gmt":"2014-10-06T14:36:30","guid":{"rendered":"https:\/\/www.ovpm.org\/2014\/10\/06\/rencontre-regionale-dasie-pacifique\/"},"modified":"2014-10-06T14:36:30","modified_gmt":"2014-10-06T14:36:30","slug":"rencontre-regionale-dasie-pacifique","status":"publish","type":"post","link":"https:\/\/www.ovpm.org\/fr\/2014\/10\/06\/rencontre-regionale-dasie-pacifique\/","title":{"rendered":"Rencontre r\u00e9gionale d&rsquo;Asie-Pacifique"},"content":{"rendered":"<p class=\"rtejustify\">La premi\u00e8re conf\u00e9rence r\u00e9gionale de l\u2019Asie-Pacifique a eu lieu du 24 au 26 septembre 2014 \u00e0 Gyeongju, R\u00e9publique de Cor\u00e9e, le si\u00e8ge du Secr\u00e9tariat r\u00e9gional. Gr\u00e2ce au soutien remarquable du maire de Gyeongju, M. Choi Yang Sik, et des efforts soutenus du coordonnateur r\u00e9gional, M. Kwon Huh, la conf\u00e9rence a connu un grand succ\u00e8s.<\/p>\n<p class=\"rtejustify\">Un Atelier d\u2019experts, dont le th\u00e8me \u00e9tait&nbsp;: \u00ab&nbsp;Conservation des villes et villages du patrimoine mondial ax\u00e9e sur les gens&nbsp;\u00bb a \u00e9t\u00e9 tenu la premi\u00e8re journ\u00e9e. La deuxi\u00e8me journ\u00e9e a \u00e9t\u00e9 consacr\u00e9e \u00e0 la r\u00e9union des maires, ayant pour th\u00e8me \u00ab&nbsp;Les d\u00e9fis des villes du patrimoine mondial \u2013 vision et r\u00e9alit\u00e9&nbsp;\u00bb. Au cours de la derni\u00e8re journ\u00e9e, le secr\u00e9taire g\u00e9n\u00e9ral, M. Denis Ricard, ainsi que le Coordonnateur r\u00e9gional ont fait des expos\u00e9s sur les objectifs, les activit\u00e9s et les programmes de l\u2019OVPM et sur ceux du Secr\u00e9tariat r\u00e9gional. Un \u00e9change anim\u00e9 d\u2019id\u00e9es et de propositions de la part des membres a suivi, qui a abouti \u00e0 l\u2019adoption de la \u00ab&nbsp;D\u00e9claration OVPM-AP de Gyeongju&nbsp;\u00bb.<\/p>\n<p class=\"rtejustify\">Avec 27 villes repr\u00e9sent\u00e9es par des maires ou d\u2019autres autorit\u00e9s locales en plus d\u2019experts en mati\u00e8re de patrimoine de la r\u00e9gion, ainsi que le Directeur et le Chef de l\u2019Unit\u00e9 de la culture du bureau de l\u2019UNESCO de Bangkok, le Directeur adjoint de l\u2019Administration du patrimoine culturel du gouvernement Cor\u00e9en ainsi que des repr\u00e9sentants de la Commission nationale cor\u00e9enne pour l\u2019UNESCO, pour un total de plus de 150 participants, le Secr\u00e9tariat r\u00e9gional de l\u2019Asie-Pacifique a \u00e9t\u00e9 lanc\u00e9 d\u2019une fa\u00e7on tr\u00e8s impressionnante.<\/p>\n<p class=\"rtejustify\">Pour en savoir davantage sur la r\u00e9union, nous vous invitons \u00e0 lire le rapport du Secr\u00e9tariat de la r\u00e9gion Asie-Pacifique, dans la <strong>section anglaise<\/strong> \u00ab&nbsp;Regional Secretariats&nbsp;\u00bb, sous la rubrique \u00ab&nbsp;Regional News&nbsp;\u00bb.<\/p>\n","protected":false},"excerpt":{"rendered":"<p>La premi\u00e8re conf\u00e9rence r\u00e9gionale de l\u2019Asie-Pacifique a eu lieu du 24 au 26 septembre 2014 \u00e0 Gyeongju, R\u00e9publique de Cor\u00e9e, le si\u00e8ge du Secr\u00e9tariat r\u00e9gional. Gr\u00e2ce au soutien remarquable du maire de Gyeongju, M. Choi Yang Sik, et des efforts soutenus du coordonnateur r\u00e9gional, M. Kwon Huh, la conf\u00e9rence a connu un grand succ\u00e8s. Un [&hellip;]<\/p>\n","protected":false},"author":1,"featured_media":12938,"comment_status":"open","ping_status":"open","sticky":false,"template":"","format":"standard","meta":{"_acf_changed":false,"footnotes":""},"categories":[1],"tags":[],"acf":[],"_links":{"self":[{"href":"https:\/\/www.ovpm.org\/fr\/wp-json\/wp\/v2\/posts\/12937"}],"collection":[{"href":"https:\/\/www.ovpm.org\/fr\/wp-json\/wp\/v2\/posts"}],"about":[{"href":"https:\/\/www.ovpm.org\/fr\/wp-json\/wp\/v2\/types\/post"}],"author":[{"embeddable":true,"href":"https:\/\/www.ovpm.org\/fr\/wp-json\/wp\/v2\/users\/1"}],"replies":[{"embeddable":true,"href":"https:\/\/www.ovpm.org\/fr\/wp-json\/wp\/v2\/comments?post=12937"}],"version-history":[{"count":0,"href":"https:\/\/www.ovpm.org\/fr\/wp-json\/wp\/v2\/posts\/12937\/revisions"}],"wp:featuredmedia":[{"embeddable":true,"href":"https:\/\/www.ovpm.org\/fr\/wp-json\/wp\/v2\/media\/12938"}],"wp:attachment":[{"href":"https:\/\/www.ovpm.org\/fr\/wp-json\/wp\/v2\/media?parent=12937"}],"wp:term":[{"taxonomy":"category","embeddable":true,"href":"https:\/\/www.ovpm.org\/fr\/wp-json\/wp\/v2\/categories?post=12937"},{"taxonomy":"post_tag","embeddable":true,"href":"https:\/\/www.ovpm.org\/fr\/wp-json\/wp\/v2\/tags?post=12937"}],"curies":[{"name":"wp","href":"https:\/\/api.w.org\/{rel}","templated":true}]}}