{"id":12584,"date":"2014-03-18T08:16:14","date_gmt":"2014-03-18T08:16:14","guid":{"rendered":"https:\/\/www.ovpm.org\/2014\/03\/18\/reunion-des-projets-1-4-avril-2014-grenade-espagne\/"},"modified":"2014-03-18T08:16:14","modified_gmt":"2014-03-18T08:16:14","slug":"reunion-des-projets-1-4-avril-2014-grenade-espagne","status":"publish","type":"post","link":"https:\/\/www.ovpm.org\/fr\/2014\/03\/18\/reunion-des-projets-1-4-avril-2014-grenade-espagne\/","title":{"rendered":"R\u00c9UNION DES PROJETS  1-4 AVRIL 2014, GRENADE (ESPAGNE)"},"content":{"rendered":"<p align=\"JUSTIFY\" style=\"margin: 0px 0px 0cm 1.27cm; padding: 0px; border: 0px; outline: 0px; vertical-align: baseline; line-height: 21px; background-color: rgb(255, 255, 255); text-indent: -0.64cm;\"><font color=\"#000000\"><span style=\"font-size: 15px;\">&nbsp;<\/span><\/font><\/p>\n<p align=\"JUSTIFY\" style=\"margin: 0px 0px 0cm 1.27cm; padding: 0px; border: 0px; outline: 0px; vertical-align: baseline; line-height: 21px; background-color: rgb(255, 255, 255); text-indent: -0.64cm;\"><span style=\"font-family: inherit; font-size: 11pt; font-style: inherit; font-variant: inherit; font-weight: inherit; line-height: inherit; color: rgb(0, 0, 0); text-indent: -0.64cm;\">La prochaine <strong>R\u00e9union des Projets <\/strong>du Secr\u00e9tariat R\u00e9gional de l&rsquo;Europe du Sud et de la M\u00e9diterran\u00e9e aura lieu \u00e0 Grenade<\/span><\/p>\n<p align=\"JUSTIFY\" style=\"margin: 0px 0px 0cm 1.27cm; padding: 0px; border: 0px; outline: 0px; vertical-align: baseline; line-height: 21px; background-color: rgb(255, 255, 255); text-indent: -0.64cm;\"><span style=\"font-family: inherit; font-size: 11pt; font-style: inherit; font-variant: inherit; font-weight: inherit; line-height: inherit; color: rgb(0, 0, 0); text-indent: -0.64cm;\">le <strong>1 &#8211; 4 avril<\/strong> afin de discuter les suivants sujets:<\/span><\/p>\n<p align=\"JUSTIFY\" style=\"margin: 0px 0px 0cm 1.27cm; padding: 0px; border: 0px; outline: 0px; vertical-align: baseline; line-height: 21px; background-color: rgb(255, 255, 255); text-indent: -0.64cm;\">&nbsp;<\/p>\n<p align=\"JUSTIFY\" style=\"margin: 0px 0px 0cm 1.27cm; padding: 0px; border: 0px; outline: 0px; vertical-align: baseline; background-color: rgb(255, 255, 255); text-indent: -0.64cm;\"><font color=\"#3c3c3c\" face=\"Arial, sans-serif\"><span style=\"font-size: 12px; line-height: 18px;\">&nbsp;<\/span><\/font><\/p>\n<ul style=\"margin-top: 0px; margin-right: 0px; margin-left: 0px; border: 0px; outline: 0px; vertical-align: baseline; list-style-image: url(http:\/\/www.ovpm.org\/sites\/ovpm\/themes\/ovega\/images\/pointer.png); background-color: rgb(255, 255, 255);\">\n<li align=\"JUSTIFY\" style=\"margin: 0px 0px 0cm 1.27cm; border: 0px; outline: 0px; vertical-align: baseline; font-family: inherit; font-style: inherit; font-variant: inherit; font-weight: inherit; line-height: 21px; text-indent: -0.64cm;\">\n<p style=\"margin-top: 0px; margin-right: 0px; margin-left: 0px; padding: 0px; border: 0px; outline: 0px; vertical-align: baseline; font-family: inherit; font-style: inherit; font-variant: inherit; font-weight: inherit; line-height: inherit;\"><font color=\"#000000\"><span style=\"font-size: 15px;\">&nbsp;Les \u00c9tudes de Cas<\/span><\/font><\/p>\n<\/li>\n<li align=\"JUSTIFY\" style=\"margin: 0px 0px 0cm 1.27cm; border: 0px; outline: 0px; vertical-align: baseline; font-family: inherit; font-size: inherit; font-style: inherit; font-variant: inherit; font-weight: inherit; line-height: 21px; text-indent: -0.64cm;\">\n<p style=\"margin-top: 0px; margin-right: 0px; margin-left: 0px; padding: 0px; border: 0px; outline: 0px; vertical-align: baseline; font-family: inherit; font-size: inherit; font-style: inherit; font-variant: inherit; font-weight: inherit; line-height: inherit;\"><span style=\"margin: 0px; padding: 0px; border: 0px; outline: 0px; vertical-align: baseline; font-family: inherit; font-size: 12px; font-style: inherit; font-variant: inherit; font-weight: inherit; line-height: inherit;\"><span style=\"margin: 0px; padding: 0px; border: 0px; outline: 0px; vertical-align: baseline; font-family: inherit; font-size: inherit; font-style: inherit; font-variant: inherit; font-weight: inherit; line-height: inherit; color: rgb(0, 0, 0);\"><font style=\"margin: 0px; padding: 0px; border: 0px; outline: 0px; vertical-align: baseline; font-family: inherit; font-size: inherit; font-style: inherit; font-variant: inherit; font-weight: inherit; line-height: inherit;\"><font style=\"margin: 0px; padding: 0px; border: 0px; outline: 0px; vertical-align: baseline; font-family: inherit; font-size: 11pt; font-style: inherit; font-variant: inherit; font-weight: inherit; line-height: inherit;\">&nbsp;Jeunes et Patrimoine<\/font><\/font><\/span><\/span><\/p>\n<\/li>\n<li align=\"JUSTIFY\" style=\"margin: 0px 0px 0cm 1.27cm; border: 0px; outline: 0px; vertical-align: baseline; font-family: inherit; font-size: inherit; font-style: inherit; font-variant: inherit; font-weight: inherit; line-height: 21px; text-indent: -0.64cm;\">\n<p style=\"margin-top: 0px; margin-right: 0px; margin-left: 0px; padding: 0px; border: 0px; outline: 0px; vertical-align: baseline; font-family: inherit; font-size: inherit; font-style: inherit; font-variant: inherit; font-weight: inherit; line-height: inherit;\"><span style=\"margin: 0px; padding: 0px; border: 0px; outline: 0px; vertical-align: baseline; font-family: inherit; font-size: 12px; font-style: inherit; font-variant: inherit; font-weight: inherit; line-height: inherit;\"><span style=\"margin: 0px; padding: 0px; border: 0px; outline: 0px; vertical-align: baseline; font-family: inherit; font-size: inherit; font-style: inherit; font-variant: inherit; font-weight: inherit; line-height: inherit; color: rgb(0, 0, 0);\"><font style=\"margin: 0px; padding: 0px; border: 0px; outline: 0px; vertical-align: baseline; font-family: inherit; font-size: inherit; font-style: inherit; font-variant: inherit; font-weight: inherit; line-height: inherit;\"><font style=\"margin: 0px; padding: 0px; border: 0px; outline: 0px; vertical-align: baseline; font-family: inherit; font-size: 11pt; font-style: inherit; font-variant: inherit; font-weight: inherit; line-height: inherit;\">&nbsp;L&rsquo;Accessibilit\u00e9 du Patrimoine&nbsp;<\/font><\/font><\/span><\/span><\/p>\n<\/li>\n<li align=\"JUSTIFY\" style=\"margin: 0px 0px 0cm 1.27cm; border: 0px; outline: 0px; vertical-align: baseline; font-family: inherit; font-size: inherit; font-style: inherit; font-variant: inherit; font-weight: inherit; line-height: 21px; text-indent: -0.64cm;\">\n<p style=\"margin-top: 0px; margin-right: 0px; margin-left: 0px; padding: 0px; border: 0px; outline: 0px; vertical-align: baseline; font-family: inherit; font-size: inherit; font-style: inherit; font-variant: inherit; font-weight: inherit; line-height: inherit;\"><span style=\"margin: 0px; padding: 0px; border: 0px; outline: 0px; vertical-align: baseline; font-family: inherit; font-size: 12px; font-style: inherit; font-variant: inherit; font-weight: inherit; line-height: inherit;\"><span style=\"margin: 0px; padding: 0px; border: 0px; outline: 0px; vertical-align: baseline; font-family: inherit; font-size: inherit; font-style: inherit; font-variant: inherit; font-weight: inherit; line-height: inherit; color: rgb(0, 0, 0);\"><font style=\"margin: 0px; padding: 0px; border: 0px; outline: 0px; vertical-align: baseline; font-family: inherit; font-size: inherit; font-style: inherit; font-variant: inherit; font-weight: inherit; line-height: inherit;\"><font style=\"margin: 0px; padding: 0px; border: 0px; outline: 0px; vertical-align: baseline; font-family: inherit; font-size: 11pt; font-style: inherit; font-variant: inherit; font-weight: inherit; line-height: inherit;\">&nbsp;Artisanat et Pollution Visuelle &nbsp;<\/font><\/font><\/span><\/span><\/p>\n<\/li>\n<\/ul>\n<p class=\"rtejustify\" style=\"margin: 0px 0px 0cm 1.27cm; padding: 0px; border: 0px; outline: 0px; vertical-align: baseline; line-height: 21px; background-color: rgb(255, 255, 255); text-indent: -0.64cm;\">&nbsp;<\/p>\n<p class=\"rtejustify\" style=\"margin: 0px 0px 0cm 1.27cm; padding: 0px; border: 0px; outline: 0px; vertical-align: baseline; line-height: 21px; background-color: rgb(255, 255, 255); text-indent: -0.64cm;\"><span style=\"margin: 0px; padding: 0px; border: 0px; outline: 0px; vertical-align: baseline; font-family: Arial, sans-serif; font-size: 15px; font-style: inherit; font-variant: inherit; font-weight: inherit; line-height: 22.5px; color: rgb(0, 0, 0); text-indent: -0.64cm;\">Les r\u00e9presentants des villes qui ont confirm\u00e9 leur participation sont:&nbsp;<\/span><\/p>\n<p class=\"rtejustify\" style=\"margin-top: 0px; margin-right: 0px; margin-left: 0px; padding: 0px; border: 0px; outline: 0px; vertical-align: baseline; background-color: rgb(255, 255, 255);\">&nbsp;<\/p>\n<p class=\"rtejustify\" style=\"margin: 0px 0px 0cm 1.27cm; padding: 0px; border: 0px; outline: 0px; vertical-align: baseline; line-height: 21px; background-color: rgb(255, 255, 255); text-indent: -0.64cm;\"><em style=\"margin: 0px; padding: 0px; border: 0px; outline: 0px; vertical-align: baseline; font-family: inherit; font-size: inherit; font-variant: inherit; font-weight: inherit; line-height: inherit; text-indent: -0.64cm;\"><span style=\"margin: 0px; padding: 0px; border: 0px; outline: 0px; vertical-align: baseline; font-family: inherit; font-size: 12px; font-style: inherit; font-variant: inherit; font-weight: inherit; line-height: inherit;\"><span style=\"margin: 0px; padding: 0px; border: 0px; outline: 0px; vertical-align: baseline; font-family: inherit; font-size: inherit; font-style: inherit; font-variant: inherit; font-weight: inherit; line-height: inherit; color: rgb(0, 0, 0);\"><font style=\"margin: 0px; padding: 0px; border: 0px; outline: 0px; vertical-align: baseline; font-family: inherit; font-size: inherit; font-style: inherit; font-variant: inherit; font-weight: inherit; line-height: inherit;\"><font style=\"margin: 0px; padding: 0px; border: 0px; outline: 0px; vertical-align: baseline; font-family: inherit; font-size: 11pt; font-style: inherit; font-variant: inherit; font-weight: inherit; line-height: inherit;\">Cordoue, Aranjuez, Baeza, \u00dabeda, Segovia, Santiago de Compostela, Elvas, Porto, \u00c9vora, Cidade Velha, Tel-Aviv, Kotor, Mostar,&nbsp;<\/font><\/font><\/span><\/span><span style=\"margin: 0px; padding: 0px; border: 0px; outline: 0px; vertical-align: baseline; font-family: Arial, sans-serif; font-size: 11pt; font-style: inherit; font-variant: inherit; font-weight: inherit; line-height: inherit; color: rgb(0, 0, 0); text-indent: -0.64cm;\">Lyon,Strasbourg, Angra do Hero\u00edsmo, Qu\u00e9bec et&nbsp;<\/span><span style=\"margin: 0px; padding: 0px; border: 0px; outline: 0px; vertical-align: baseline; font-family: Arial, sans-serif; font-size: 15px; font-style: inherit; font-variant: inherit; font-weight: inherit; line-height: inherit; color: rgb(0, 0, 0);\">Grenade.<\/span><\/em><\/p>\n<p class=\"rtejustify\" style=\"margin-top: 0px; margin-right: 0px; margin-left: 0px; padding: 0px; border: 0px; outline: 0px; vertical-align: baseline; background-color: rgb(255, 255, 255);\">&nbsp;<\/p>\n<p class=\"rtejustify\" style=\"margin-top: 0px; margin-right: 0px; margin-left: 0px; padding: 0px; border: 0px; outline: 0px; vertical-align: baseline; background-color: rgb(255, 255, 255);\">&nbsp;<\/p>\n<p class=\"rtejustify\" style=\"margin-top: 0px; margin-right: 0px; margin-left: 0px; padding: 0px; border: 0px; outline: 0px; vertical-align: baseline; background-color: rgb(255, 255, 255);\">&nbsp;<\/p>\n<p class=\"rtejustify\" style=\"margin-top: 0px; margin-right: 0px; margin-left: 0px; padding: 0px; border: 0px; outline: 0px; vertical-align: baseline; background-color: rgb(255, 255, 255);\">&nbsp;<\/p>\n<p class=\"rtejustify\" style=\"margin-top: 0px; margin-right: 0px; margin-left: 0px; padding: 0px; border: 0px; outline: 0px; vertical-align: baseline; background-color: rgb(255, 255, 255);\">&nbsp;<\/p>\n<p style=\"margin-top: 0px; margin-right: 0px; margin-left: 0px; padding: 0px; border: 0px; outline: 0px; vertical-align: baseline; background-color: rgb(255, 255, 255);\">&nbsp;<\/p>\n","protected":false},"excerpt":{"rendered":"<p>&nbsp; La prochaine R\u00e9union des Projets du Secr\u00e9tariat R\u00e9gional de l&rsquo;Europe du Sud et de la M\u00e9diterran\u00e9e aura lieu \u00e0 Grenade le 1 &#8211; 4 avril afin de discuter les suivants sujets: &nbsp; &nbsp; &nbsp;Les \u00c9tudes de Cas &nbsp;Jeunes et Patrimoine &nbsp;L&rsquo;Accessibilit\u00e9 du Patrimoine&nbsp; &nbsp;Artisanat et Pollution Visuelle &nbsp; &nbsp; Les r\u00e9presentants des villes qui [&hellip;]<\/p>\n","protected":false},"author":1,"featured_media":12585,"comment_status":"open","ping_status":"open","sticky":false,"template":"","format":"standard","meta":{"_acf_changed":false,"footnotes":""},"categories":[1],"tags":[],"acf":[],"_links":{"self":[{"href":"https:\/\/www.ovpm.org\/fr\/wp-json\/wp\/v2\/posts\/12584"}],"collection":[{"href":"https:\/\/www.ovpm.org\/fr\/wp-json\/wp\/v2\/posts"}],"about":[{"href":"https:\/\/www.ovpm.org\/fr\/wp-json\/wp\/v2\/types\/post"}],"author":[{"embeddable":true,"href":"https:\/\/www.ovpm.org\/fr\/wp-json\/wp\/v2\/users\/1"}],"replies":[{"embeddable":true,"href":"https:\/\/www.ovpm.org\/fr\/wp-json\/wp\/v2\/comments?post=12584"}],"version-history":[{"count":0,"href":"https:\/\/www.ovpm.org\/fr\/wp-json\/wp\/v2\/posts\/12584\/revisions"}],"wp:featuredmedia":[{"embeddable":true,"href":"https:\/\/www.ovpm.org\/fr\/wp-json\/wp\/v2\/media\/12585"}],"wp:attachment":[{"href":"https:\/\/www.ovpm.org\/fr\/wp-json\/wp\/v2\/media?parent=12584"}],"wp:term":[{"taxonomy":"category","embeddable":true,"href":"https:\/\/www.ovpm.org\/fr\/wp-json\/wp\/v2\/categories?post=12584"},{"taxonomy":"post_tag","embeddable":true,"href":"https:\/\/www.ovpm.org\/fr\/wp-json\/wp\/v2\/tags?post=12584"}],"curies":[{"name":"wp","href":"https:\/\/api.w.org\/{rel}","templated":true}]}}