{"id":11916,"date":"2012-09-24T08:51:18","date_gmt":"2012-09-24T08:51:18","guid":{"rendered":"https:\/\/www.ovpm.org\/2012\/09\/24\/salon-mondial-du-tourisme-assise-italie\/"},"modified":"2012-09-24T08:51:18","modified_gmt":"2012-09-24T08:51:18","slug":"salon-mondial-du-tourisme-assise-italie","status":"publish","type":"post","link":"https:\/\/www.ovpm.org\/fr\/2012\/09\/24\/salon-mondial-du-tourisme-assise-italie\/","title":{"rendered":"Salon mondial du tourisme &#8211; Assise, Italie"},"content":{"rendered":"<p>Du 21 au 23 septembre 2012, le Secr\u00e9tariat r\u00e9gional de l&rsquo;Europe du Sud\/M\u00e9diterran\u00e9e assiste au Salon Mondial du Tourisme qui se tient \u00e0 Assise en Italie. Le coordonnateur r\u00e9gional de l&rsquo;OVPM pour cette r\u00e9gion, M. Rafael Perez de la Concha Camacho, sera sur place afin de participer aux diff\u00e9rentes activit\u00e9s du Salon et promouvoir les attraits patrimoniaux et touristiques des villes membres en r\u00e8gle de son Secr\u00e9tariat r\u00e9gional.<\/p>\n<p>[[{\u00ab\u00a0type\u00a0\u00bb:\u00a0\u00bbmedia\u00a0\u00bb,\u00a0\u00bbview_mode\u00a0\u00bb:\u00a0\u00bbmedia_large\u00a0\u00bb,\u00a0\u00bbfid\u00a0\u00bb:\u00a0\u00bb461&Prime;,\u00a0\u00bbattributes\u00a0\u00bb:{\u00ab\u00a0class\u00a0\u00bb:\u00a0\u00bbmedia-image\u00a0\u00bb,\u00a0\u00bbid\u00a0\u00bb:\u00a0\u00bb2&Prime;,\u00a0\u00bbtypeof\u00a0\u00bb:\u00a0\u00bbfoaf:Image\u00a0\u00bb}}]]<\/p>\n<p>Pour plus d&rsquo;information sur le Salon Mondial du Tourisme, <a href=\"http:\/\/www.worldheritagetourismexpo.com\">consultez le site web officiel de l&rsquo;\u00e9v\u00e9nement en cliquant ici.<\/a><\/p>\n","protected":false},"excerpt":{"rendered":"<p>Du 21 au 23 septembre 2012, le Secr\u00e9tariat r\u00e9gional de l&rsquo;Europe du Sud\/M\u00e9diterran\u00e9e assiste au Salon Mondial du Tourisme qui se tient \u00e0 Assise en Italie. Le coordonnateur r\u00e9gional de l&rsquo;OVPM pour cette r\u00e9gion, M. Rafael Perez de la Concha Camacho, sera sur place afin de participer aux diff\u00e9rentes activit\u00e9s du Salon et promouvoir les [&hellip;]<\/p>\n","protected":false},"author":1,"featured_media":11917,"comment_status":"open","ping_status":"open","sticky":false,"template":"","format":"standard","meta":{"_acf_changed":false,"footnotes":""},"categories":[1],"tags":[],"acf":[],"_links":{"self":[{"href":"https:\/\/www.ovpm.org\/fr\/wp-json\/wp\/v2\/posts\/11916"}],"collection":[{"href":"https:\/\/www.ovpm.org\/fr\/wp-json\/wp\/v2\/posts"}],"about":[{"href":"https:\/\/www.ovpm.org\/fr\/wp-json\/wp\/v2\/types\/post"}],"author":[{"embeddable":true,"href":"https:\/\/www.ovpm.org\/fr\/wp-json\/wp\/v2\/users\/1"}],"replies":[{"embeddable":true,"href":"https:\/\/www.ovpm.org\/fr\/wp-json\/wp\/v2\/comments?post=11916"}],"version-history":[{"count":0,"href":"https:\/\/www.ovpm.org\/fr\/wp-json\/wp\/v2\/posts\/11916\/revisions"}],"wp:featuredmedia":[{"embeddable":true,"href":"https:\/\/www.ovpm.org\/fr\/wp-json\/wp\/v2\/media\/11917"}],"wp:attachment":[{"href":"https:\/\/www.ovpm.org\/fr\/wp-json\/wp\/v2\/media?parent=11916"}],"wp:term":[{"taxonomy":"category","embeddable":true,"href":"https:\/\/www.ovpm.org\/fr\/wp-json\/wp\/v2\/categories?post=11916"},{"taxonomy":"post_tag","embeddable":true,"href":"https:\/\/www.ovpm.org\/fr\/wp-json\/wp\/v2\/tags?post=11916"}],"curies":[{"name":"wp","href":"https:\/\/api.w.org\/{rel}","templated":true}]}}