{"id":11894,"date":"2012-08-08T10:28:00","date_gmt":"2012-08-08T10:28:00","guid":{"rendered":"https:\/\/www.ovpm.org\/2012\/08\/08\/deuxieme-forum-du-patrimoine-strasbourg-28-septembre-2012\/"},"modified":"2012-08-08T10:28:00","modified_gmt":"2012-08-08T10:28:00","slug":"deuxieme-forum-du-patrimoine-strasbourg-28-septembre-2012","status":"publish","type":"post","link":"https:\/\/www.ovpm.org\/fr\/2012\/08\/08\/deuxieme-forum-du-patrimoine-strasbourg-28-septembre-2012\/","title":{"rendered":"Deuxi\u00e8me Forum du Patrimoine &#8211; Strasbourg &#8211; 28 septembre 2012"},"content":{"rendered":"<p>La Ville de Strasbourg organise le 2\u00e8me forum du Patrimoine. Ce temps d&rsquo;\u00e9change annuel autour de l&rsquo;actualit\u00e9 des projets strasbourgeois aura lieu le Vendredi 28 septembre 2012 \u00e0 l&rsquo;auditorium Michel Debr\u00e9 de l&rsquo;ENA.<\/p>\n<p>[[{\u00ab\u00a0type\u00a0\u00bb:\u00a0\u00bbmedia\u00a0\u00bb,\u00a0\u00bbview_mode\u00a0\u00bb:\u00a0\u00bbmedia_large\u00a0\u00bb,\u00a0\u00bbfid\u00a0\u00bb:\u00a0\u00bb437&Prime;,\u00a0\u00bbattributes\u00a0\u00bb:{\u00ab\u00a0class\u00a0\u00bb:\u00a0\u00bbmedia-image\u00a0\u00bb,\u00a0\u00bbheight\u00a0\u00bb:\u00a0\u00bb319&Prime;,\u00a0\u00bbid\u00a0\u00bb:\u00a0\u00bb3&Prime;,\u00a0\u00bbtypeof\u00a0\u00bb:\u00a0\u00bbfoaf:Image\u00a0\u00bb,\u00a0\u00bbwidth\u00a0\u00bb:\u00a0\u00bb213&Prime;}}]]<\/p>\n<p>Le forum du patrimoine est un temps d&rsquo;\u00e9change annuel autour de l&rsquo;actualit\u00e9 des projets strasbourgeois et de la politique patrimoniale. Cette ann\u00e9e, cette manifestation permettra de d\u00e9battre de la reconnaissance et de la conservation du patrimoine dans le contexte particulier des 40 ans de la Convention du patrimoine mondial de l&rsquo;UNESCO et des 50 ans de la loi Malraux sur les secteurs sauvegard\u00e9s.<\/p>\n<p><a href=\"http:\/\/www.ovpm.org\/sites\/ovpm\/files\/documents\/forum_programme.pdf\">Pour t\u00e9l\u00e9charger le programme du 2\u00e8me forum du Patrimoine, cliquez ici.<\/a><\/p>\n<p>L&#39;inscription est gratuite et obligatoire avant le 25 septembre!<\/p>\n<p>Pour plus d&#39;information, consultez le site web <a href=\"http:\/\/www.strasbourg.eu\/forumpatrimoine\">www.strasbourg.eu\/forumpatrimoine<\/a>.<\/p>\n","protected":false},"excerpt":{"rendered":"<p>La Ville de Strasbourg organise le 2\u00e8me forum du Patrimoine. Ce temps d&rsquo;\u00e9change annuel autour de l&rsquo;actualit\u00e9 des projets strasbourgeois aura lieu le Vendredi 28 septembre 2012 \u00e0 l&rsquo;auditorium Michel Debr\u00e9 de l&rsquo;ENA. [[{\u00ab\u00a0type\u00a0\u00bb:\u00a0\u00bbmedia\u00a0\u00bb,\u00a0\u00bbview_mode\u00a0\u00bb:\u00a0\u00bbmedia_large\u00a0\u00bb,\u00a0\u00bbfid\u00a0\u00bb:\u00a0\u00bb437&Prime;,\u00a0\u00bbattributes\u00a0\u00bb:{\u00ab\u00a0class\u00a0\u00bb:\u00a0\u00bbmedia-image\u00a0\u00bb,\u00a0\u00bbheight\u00a0\u00bb:\u00a0\u00bb319&Prime;,\u00a0\u00bbid\u00a0\u00bb:\u00a0\u00bb3&Prime;,\u00a0\u00bbtypeof\u00a0\u00bb:\u00a0\u00bbfoaf:Image\u00a0\u00bb,\u00a0\u00bbwidth\u00a0\u00bb:\u00a0\u00bb213&Prime;}}]] Le forum du patrimoine est un temps d&rsquo;\u00e9change annuel autour de l&rsquo;actualit\u00e9 des projets strasbourgeois et de la politique patrimoniale. Cette [&hellip;]<\/p>\n","protected":false},"author":1,"featured_media":11895,"comment_status":"open","ping_status":"open","sticky":false,"template":"","format":"standard","meta":{"_acf_changed":false,"footnotes":""},"categories":[1],"tags":[],"acf":[],"_links":{"self":[{"href":"https:\/\/www.ovpm.org\/fr\/wp-json\/wp\/v2\/posts\/11894"}],"collection":[{"href":"https:\/\/www.ovpm.org\/fr\/wp-json\/wp\/v2\/posts"}],"about":[{"href":"https:\/\/www.ovpm.org\/fr\/wp-json\/wp\/v2\/types\/post"}],"author":[{"embeddable":true,"href":"https:\/\/www.ovpm.org\/fr\/wp-json\/wp\/v2\/users\/1"}],"replies":[{"embeddable":true,"href":"https:\/\/www.ovpm.org\/fr\/wp-json\/wp\/v2\/comments?post=11894"}],"version-history":[{"count":0,"href":"https:\/\/www.ovpm.org\/fr\/wp-json\/wp\/v2\/posts\/11894\/revisions"}],"wp:featuredmedia":[{"embeddable":true,"href":"https:\/\/www.ovpm.org\/fr\/wp-json\/wp\/v2\/media\/11895"}],"wp:attachment":[{"href":"https:\/\/www.ovpm.org\/fr\/wp-json\/wp\/v2\/media?parent=11894"}],"wp:term":[{"taxonomy":"category","embeddable":true,"href":"https:\/\/www.ovpm.org\/fr\/wp-json\/wp\/v2\/categories?post=11894"},{"taxonomy":"post_tag","embeddable":true,"href":"https:\/\/www.ovpm.org\/fr\/wp-json\/wp\/v2\/tags?post=11894"}],"curies":[{"name":"wp","href":"https:\/\/api.w.org\/{rel}","templated":true}]}}