{"id":11725,"date":"2011-05-25T09:31:15","date_gmt":"2011-05-25T09:31:15","guid":{"rendered":"https:\/\/www.ovpm.org\/2011\/05\/25\/17e-assemblee-generale-de-licomos-du-27-novembre-au-2-decembre-2011-a-paris-france\/"},"modified":"2011-05-25T09:31:15","modified_gmt":"2011-05-25T09:31:15","slug":"17e-assemblee-generale-de-licomos-du-27-novembre-au-2-decembre-2011-a-paris-france","status":"publish","type":"post","link":"https:\/\/www.ovpm.org\/fr\/2011\/05\/25\/17e-assemblee-generale-de-licomos-du-27-novembre-au-2-decembre-2011-a-paris-france\/","title":{"rendered":"17e Assembl\u00e9e G\u00e9n\u00e9rale de l&rsquo;ICOMOS du 27 novembre au 2 d\u00e9cembre 2011 \u00e0 Paris, France"},"content":{"rendered":"<p><strong>17e Assembl\u00e9e g\u00e9n\u00e9rale de l\u2019ICOMOS et Symposium scientifique \u00ab\u00a0Le patrimoine, moteur de d\u00e9veloppement\u00a0\u00bb<br \/>27 novembre au 2 d\u00e9cembre 2011, Paris, France<\/strong><\/p>\n<p><em>La plus importante rencontre triennale de l&rsquo;ICOMOS se tiendra pour la premi\u00e8re fois \u00e0 Paris du 27 novembre au 2 d\u00e9cembre 2011 au si\u00e8ge de l\u2019UNESCO.<\/em><\/p>\n<p>Organis\u00e9e par ICOMOS France, la manifestation a re\u00e7u le Haut Patronage de M. Nicolas Sarkozy, Pr\u00e9sident de la R\u00e9publique fran\u00e7aise et de Mme Irina Bokova, Directrice g\u00e9n\u00e9rale de l\u2019UNESCO. La manifestation est \u00e9galement soutenue par le minist\u00e8re de la Culture et de la Communication, et par le minist\u00e8re de l\u2019Ecologie, du d\u00e9veloppement Durable, des Transports et du Logement. L&rsquo;Assembl\u00e9e g\u00e9n\u00e9rale est associ\u00e9e \u00e0 un Symposium scientifique sur le th\u00e8me \u00ab\u00a0Le patrimoine: moteur de d\u00e9veloppement\u00a0\u00bb. Les deux \u00e9v\u00e9nements sont ouverts aux membres de l&rsquo;ICOMOS et les nonmembres.<\/p>\n<p>&nbsp;<\/p>\n<p>Pour t\u00e9l\u00e9charger l&rsquo;annonce officielle de la 17e Assembl\u00e9e G\u00e9n\u00e9rale de l&rsquo;ICOMOS et le programme du Symposium scientifique \u00ab\u00a0Le patrimoine, moteur de d\u00e9veloppement\u00a0\u00bb, <a href=\"http:\/\/www.ovpm.org\/sites\/ovpm\/files\/documents\/ga2011_annonce_web_partenaires_20110523_final.pdf\">cliquez ici<\/a>.<\/p>\n","protected":false},"excerpt":{"rendered":"<p>17e Assembl\u00e9e g\u00e9n\u00e9rale de l\u2019ICOMOS et Symposium scientifique \u00ab\u00a0Le patrimoine, moteur de d\u00e9veloppement\u00a0\u00bb27 novembre au 2 d\u00e9cembre 2011, Paris, France La plus importante rencontre triennale de l&rsquo;ICOMOS se tiendra pour la premi\u00e8re fois \u00e0 Paris du 27 novembre au 2 d\u00e9cembre 2011 au si\u00e8ge de l\u2019UNESCO. Organis\u00e9e par ICOMOS France, la manifestation a re\u00e7u le [&hellip;]<\/p>\n","protected":false},"author":1,"featured_media":0,"comment_status":"open","ping_status":"open","sticky":false,"template":"","format":"standard","meta":{"_acf_changed":false,"footnotes":""},"categories":[1],"tags":[],"acf":[],"_links":{"self":[{"href":"https:\/\/www.ovpm.org\/fr\/wp-json\/wp\/v2\/posts\/11725"}],"collection":[{"href":"https:\/\/www.ovpm.org\/fr\/wp-json\/wp\/v2\/posts"}],"about":[{"href":"https:\/\/www.ovpm.org\/fr\/wp-json\/wp\/v2\/types\/post"}],"author":[{"embeddable":true,"href":"https:\/\/www.ovpm.org\/fr\/wp-json\/wp\/v2\/users\/1"}],"replies":[{"embeddable":true,"href":"https:\/\/www.ovpm.org\/fr\/wp-json\/wp\/v2\/comments?post=11725"}],"version-history":[{"count":0,"href":"https:\/\/www.ovpm.org\/fr\/wp-json\/wp\/v2\/posts\/11725\/revisions"}],"wp:attachment":[{"href":"https:\/\/www.ovpm.org\/fr\/wp-json\/wp\/v2\/media?parent=11725"}],"wp:term":[{"taxonomy":"category","embeddable":true,"href":"https:\/\/www.ovpm.org\/fr\/wp-json\/wp\/v2\/categories?post=11725"},{"taxonomy":"post_tag","embeddable":true,"href":"https:\/\/www.ovpm.org\/fr\/wp-json\/wp\/v2\/tags?post=11725"}],"curies":[{"name":"wp","href":"https:\/\/api.w.org\/{rel}","templated":true}]}}