{"id":11709,"date":"2011-03-21T10:54:51","date_gmt":"2011-03-21T10:54:51","guid":{"rendered":"https:\/\/www.ovpm.org\/2011\/03\/21\/congres-mondial-de-lovpm-sintra-2011-appel-daffiches\/"},"modified":"2011-03-21T10:54:51","modified_gmt":"2011-03-21T10:54:51","slug":"congres-mondial-de-lovpm-sintra-2011-appel-daffiches","status":"publish","type":"post","link":"https:\/\/www.ovpm.org\/fr\/2011\/03\/21\/congres-mondial-de-lovpm-sintra-2011-appel-daffiches\/","title":{"rendered":"Congr\u00e8s mondial de l&rsquo;OVPM &#8211; Sintra 2011 &#8211; Appel d&rsquo;affiches"},"content":{"rendered":"<p><P>Le Congr\u00e8s mondial de l&rsquo;OVPM est un forum unique qui a lieu tous les deux ans. Il rassemble des politiciens et des professionnels engag\u00e9s dans la pr\u00e9servation des villes historiques, en particulier les villes inscrites sur la liste du Patrimoine mondial de l&rsquo;UNESCO. Depuis la premi\u00e8re r\u00e9union en 1991, cet \u00e9v\u00e9nement permet aux participants de discuter des sujets d&rsquo;int\u00e9r\u00eat commun, de partager leurs exp\u00e9riences et de conna\u00eetre de nouvelles strat\u00e9gies pour relever les d\u00e9fis li\u00e9s \u00e0 la conservation et \u00e0 la gestion des villes du Patrimoine mondial.<\/P><br \/>\n<P>&nbsp;<\/P><br \/>\n<P>Le th\u00e8me du XI<SUP>e<\/SUP>Congr\u00e8s mondial porte sur <STRONG><EM>les villes du Patrimoine mondial et les changements climatiques<\/EM><\/STRONG>.<\/P><br \/>\n<P>&nbsp;<\/P><br \/>\n<P>Les villes du Patrimoine mondial sont des milieux vivants et dynamiques avec un patrimoine culturel de valeur universelle exceptionnelle. Toutefois, face aux changements climatiques, les villes du Patrimoine mondial figurent parmi les endroits les plus vuln\u00e9rables sur Terre. La nature sp\u00e9cifique des sites d&rsquo;impact des changements climatiques fait des villes du Patrimoine mondial un laboratoire id\u00e9al de monitorage des changements et d&rsquo;analyse des mesures d&rsquo;adaptation et de mitigation afin d&rsquo;am\u00e9liorer leur bien-\u00eatre socio-\u00e9conomique, tout en assurant la conservation de leur patrimoine.<\/P><br \/>\n<P>Les mairies des villes sont au centre de l&rsquo;action. Ayant conserv\u00e9 leur riche patrimoine au fil du temps, les villes du Patrimoine mondial sont essentielles pour comprendre l&rsquo;\u00e9volution d&rsquo;un lieu \u00e0 long terme, du pass\u00e9 \u00e0 l\u2019avenir. Les villes du Patrimoine mondial sont les gardiennes du Patrimoine mondial et, de ce fait, elles ont un autre d\u00e9fi \u00e0 relever &#8211; toute d\u00e9marche entam\u00e9e dans ces endroits embl\u00e9matiques peut attirer consid\u00e9rablement l&rsquo;attention et influencer l&rsquo;adoption de bonnes pratiques de gestion. Ce XI<SUP>e<\/SUP>Congr\u00e8s mondial vise \u00e0 cr\u00e9er une plate-forme de dialogue et d&rsquo;\u00e9change de connaissances sur l&rsquo;\u00e9tat des lieux, concernant la question des villes du Patrimoine mondial et les changements climatiques, et sa mise en \u0153uvre au niveau politique et des actions \u00e0 entreprendre.<\/P><br \/>\n<P>&nbsp;<\/P><br \/>\n<P>Afin de pr\u00e9senter ce th\u00e8me, les organisateurs du XI<SUP>e<\/SUP>Congr\u00e8s mondial ont pr\u00e9par\u00e9 un programme qui comprend quatre pr\u00e9sentations, plusieurs sessions de questions et r\u00e9ponses apr\u00e8s chaque pr\u00e9sentation, un d\u00e9bat d&rsquo;experts portant sur les mesures d&rsquo;adaptation et de mitigation \u00e0 prendre par les villes historiques, une s\u00e9ance de pr\u00e9sentation d\u2019affiches avec des \u00e9tudes de cas li\u00e9s au th\u00e8me du Congr\u00e8s et des activit\u00e9s pour un groupe restreint de journalistes qui apporteront leur point de vue sur les relations entre le patrimoine et les changements climatiques. Tous les d\u00e9tails peuvent \u00eatre consult\u00e9s sur le site&nbsp;: www.sintraovpm2011.com.<\/P><br \/>\n<P>&nbsp;<\/P><br \/>\n<P><STRONG><U>Appel d&rsquo;affiches<\/U><\/STRONG><\/P><br \/>\n<P>&nbsp;<\/P><br \/>\n<P>Pendant le Congr\u00e8s mondial, une s\u00e9ance de pr\u00e9sentation d\u2019affiches sera organis\u00e9e afin de permettre aux participants de partager leurs exp\u00e9riences. Les affiches seront publi\u00e9es lors de la conf\u00e9rence&nbsp;; elles seront pr\u00e9-imprim\u00e9es et expos\u00e9es pendant toute la dur\u00e9e du Congr\u00e8s. La s\u00e9ance de pr\u00e9sentation d\u2019affiches sera officiellement lanc\u00e9e le 23 novembre 2011 en apr\u00e8s-midi. Les pr\u00e9sentations de chaque affiche s&rsquo;en suivront, ainsi qu\u2019une p\u00e9riode d\u2019\u00e9change avec les auteurs. Un nombre limit\u00e9 d&rsquo;affiches peut aussi \u00eatre choisi comme \u00ab\u00a0instantan\u00e9s de la ville\u00a0\u00bb afin de compl\u00e9ter les moments cl\u00e9s des s\u00e9ances du matin du programme scientifique des 23 et 24 novembre 2011.<\/P><br \/>\n<P>&nbsp;<\/P><br \/>\n<P>Cet appel s&rsquo;adresse \u00e0 tous ceux qui sont engag\u00e9s dans la conservation et la gestion d&rsquo;une ville du Patrimoine mondial&nbsp;: fonctionnaires et administrateurs publics, professionnels sp\u00e9cialis\u00e9s, experts techniques et scientifiques de diff\u00e9rents domaines li\u00e9s au patrimoine culturel et naturel, sur une base interdisciplinaire.<\/P><br \/>\n<P>&nbsp;<\/P><br \/>\n<P>Les affiches doivent refl\u00e9ter la fa\u00e7on dont une ville r\u00e9pond aux enjeux de l&rsquo;impact des changements climatiques, \u00e0 savoir, sa vuln\u00e9rabilit\u00e9 aux impacts, comment d\u00e9veloppe-t-elle des mesures d&rsquo;adaptation et\/ou de mitigation, de mani\u00e8re conceptuelle et orient\u00e9e vers l&rsquo;action, comment le patrimoine et la culture peuvent-ils \u00eatre des atouts dans la gestion des risques et la mitigation des changements climatiques. Les \u00e9tudes de cas seront particuli\u00e8rement encourag\u00e9es. Celles-ci devront justifier les choix op\u00e9r\u00e9s par une ville sp\u00e9cifique, illustrantcomment elle pourra faire partie de la solution en agissant sur les causes et les cons\u00e9quences du changement climatique, contribuant ainsi aux strat\u00e9gies nationales et internationales visant \u00e0 pr\u00e9venir l&rsquo;impact des changements climatiques. Les trois piliers du d\u00e9veloppement durable, social, environnemental et \u00e9conomique &#8211; compl\u00e9t\u00e9s du quatri\u00e8me pilier de la \u00ab\u00a0gouvernance\u00a0\u00bb &#8211; devront \u00eatre pris en compte. Certains des points et des questions pr\u00e9sent\u00e9s ci-apr\u00e8s pourront vous guider dans le choix de votre contribution&nbsp;; ce sont des exemples et ils ne sont pas exclusifs :<\/P><br \/>\n<P>&nbsp;<\/P><br \/>\n<P><U>Conna\u00eetre et \u00e9tudier l&rsquo;impact des changements climatiques<\/U><\/P><br \/>\n<UL><br \/>\n<LI>Que savez-vous sur l&rsquo;impact des changements climatiques sur une\/votre ville ? Quels sont les \u00e9l\u00e9ments vuln\u00e9rables de votre ville class\u00e9e Patrimoine mondial et comment les \u00e9valuer et surveiller ?<\/LI><br \/>\n<LI>Est-ce qu&rsquo;il y a des \u00e9tudes qui parlent du tissu urbain et historique et de son r\u00f4le pour donner une r\u00e9ponse efficace, compatible et durable aux probl\u00e8mes et d\u00e9fis du changement climatique ?<\/LI><br \/>\n<LI>Surveillez-vous, et comment, les liens et l&rsquo;impact des \u00e9missions de gaz \u00e0 effet de serre, de la consommation d&rsquo;\u00e9nergie, et des mesures d&rsquo;efficacit\u00e9 \u00e9nerg\u00e9tique, sur la conservation du patrimoine ?<\/LI><br \/>\n<LI>Est-ce qu&rsquo;il y a des \u00e9tudes socio-\u00e9conomiques qui appliquent l&rsquo;analyse avantages-co\u00fbts pour \u00e9valuer les pertes \u00e9conomiques advenant du changement climatique ?<\/LI><\/UL><br \/>\n<P>&nbsp;<\/P><br \/>\n<P><U>Cr\u00e9er des politiques et des mod\u00e8les de gouvernance<\/U><\/P><br \/>\n<UL><br \/>\n<LI>Comment faites-vous le lien entre la conservation et les exigences des nouvelles directives, de la l\u00e9gislation ou de la r\u00e9glementation d\u00e9coulant des trait\u00e9s nationaux et internationaux concernant l&rsquo;adaptation et la mitigation du changement climatique ?<\/LI><br \/>\n<LI>Dans quelle mesure l&rsquo;\u00e9cologisation de la ville peut-elle \u00eatre consid\u00e9r\u00e9e compatible avec l&rsquo;environnement historique&nbsp;? Quelles sont les mesures d&rsquo;adaptation acceptables pour l&rsquo;ensemble des b\u00e2timents historiques et l&rsquo;environnement historique dans son ensemble ?<\/LI><br \/>\n<LI>Comment int\u00e9grez-vous les politiques et les r\u00e8glements sur le changement climatique et la conservation de l&rsquo;environnement historiquedans la planification globale et dans les processus de gestion ?<\/LI><br \/>\n<LI>Quels sont les politiques et les outils toujours inexistants qui doivent \u00eatre d\u00e9velopp\u00e9s ?<\/LI><br \/>\n<LI>Quelles sources de financement peut-on utiliser ?<\/LI><\/UL><br \/>\n<P>&nbsp;<\/P><br \/>\n<P><U>S&rsquo;adapter aux impacts potentiels<\/U><\/P><br \/>\n<UL><br \/>\n<LI>Votre ville a-t-elle \u00e9labor\u00e9 un plan d&rsquo;adaptation ?<\/LI><br \/>\n<LI>Comment \u00e9valuez-vous la capacit\u00e9 de la ville \u00e0 s\u2019adapter aux changements climatiques pr\u00e9vus&nbsp;?<\/LI><br \/>\n<LI>Comment voyez-vous l\u2019adaptation de la ville aux effets d\u00e9j\u00e0 per\u00e7us du changement climatique, tels que les \u00e9v\u00e9nements m\u00e9t\u00e9orologiques extr\u00eames, crues des eaux et inondations, etc. ?<\/LI><\/UL><br \/>\n<P>&nbsp;<\/P><br \/>\n<P><U>Communiquer et faire participer les citoyens<\/U><\/P><br \/>\n<UL><br \/>\n<LI>Comment communiquez-vous les questions du changement climatique et ses impacts \u00e0 vos concitoyens ?&nbsp;<\/LI><br \/>\n<LI>Comment pouvez-vous informer le public, les propri\u00e9taires fonciers et les autres parties prenantes sur les mesures qui doivent \u00eatre prises pour s&rsquo;adapter et anticiper les impacts du changement climatique ?<\/LI><br \/>\n<LI>Comment impliquez-vous vos concitoyens dans les actions ? Comment engagez-vous les habitants, les visiteurs et les autres parties prenantes \u00e0 proposer des solutions cr\u00e9atives ?<\/LI><\/UL><br \/>\n<P><U>Instructions de soumission des r\u00e9sum\u00e9s :<\/U><\/P><br \/>\n<P><STRONG>La date limite de soumission de r\u00e9sum\u00e9s pour les affiches est le 31 mars 2011.<\/STRONG><\/P><br \/>\n<UL><br \/>\n<LI>Les r\u00e9sum\u00e9s doivent avoir 200 mots maximum.<\/LI><br \/>\n<LI>Les textes doivent \u00eatre pr\u00e9sent\u00e9s en Times New Roman, taille de caract\u00e8re 12, en double interligne.<\/LI><br \/>\n<LI>Les r\u00e9sum\u00e9s doivent inclure le nom complet, l&rsquo;affiliation et les coordonn\u00e9es de tous les auteurs (s&rsquo;il y a plus d&rsquo;un auteur, veuillez indiquer l&rsquo;auteur qui envoie le r\u00e9sum\u00e9) et indiquer clairement l&rsquo;approche du th\u00e8me du congr\u00e8s.<\/LI><br \/>\n<LI>&nbsp;Les affiches seront accept\u00e9es uniquement en <STRONG>anglais, fran\u00e7ais, espagnol ou portugais<\/STRONG>.<\/LI><br \/>\n<LI>Toutes les propositions seront examin\u00e9es par le Comit\u00e9 scientifique du Congr\u00e8s.<\/LI><\/UL><br \/>\n<P><STRONG>Les auteurs seront inform\u00e9s de l&rsquo;acceptation de leur affiche au plus tard le 31 mai 2011. <\/STRONG><\/P><br \/>\n<P>&nbsp;<\/P><br \/>\n<P><U>Instructions pour la soumission d&rsquo;affiches :<\/U><\/P><br \/>\n<P><STRONG>Des lignes directrices sp\u00e9cifiques et un mod\u00e8le de pr\u00e9sentation \u00e9lectronique seront fournis aux auteurs des affiches accept\u00e9es. <\/STRONG><\/P><br \/>\n<P>Les affiches devront \u00eatre attrayantes et bien organis\u00e9es. Il est important qu&rsquo;elles soient bien claires, avec peu de texte et qu&rsquo;elles aient, surtout, des images photographiques et graphiques.<\/P><br \/>\n<P>&nbsp;<\/P><br \/>\n<P>La dimension de l&rsquo;affiche ne doit pas d\u00e9passer 85 cm de largeur x 120 cm de hauteur. Les auteurs sont pri\u00e9s de pr\u00e9senter l&rsquo;affiche en version \u00e9lectronique 4 semaines avant le Congr\u00e8s afin de permettre l&rsquo;impression par la ville-h\u00f4te \u00e0 temps. Des vid\u00e9os courtes de 2-3 minutes seront \u00e9galement accept\u00e9es.<\/P><br \/>\n<P>&nbsp;<\/P><br \/>\n<P><STRONG>Veuillez soumettre votre r\u00e9sum\u00e9 d&rsquo;affiche par courrier \u00e9lectronique \u00e0 : Mme Kerstin Manz &#8211; <\/STRONG><A title=mailto:kmanz@ovpm.org href=\"mailto:kmanz@ovpm.org\">kmanz@ovpm.org<\/A><STRONG>.<\/STRONG><\/P><\/p>\n","protected":false},"excerpt":{"rendered":"<p>Le Congr\u00e8s mondial de l&rsquo;OVPM est un forum unique qui a lieu tous les deux ans. Il rassemble des politiciens et des professionnels engag\u00e9s dans la pr\u00e9servation des villes historiques, en particulier les villes inscrites sur la liste du Patrimoine mondial de l&rsquo;UNESCO. Depuis la premi\u00e8re r\u00e9union en 1991, cet \u00e9v\u00e9nement permet aux participants de [&hellip;]<\/p>\n","protected":false},"author":1,"featured_media":11710,"comment_status":"open","ping_status":"open","sticky":false,"template":"","format":"standard","meta":{"_acf_changed":false,"footnotes":""},"categories":[1],"tags":[],"acf":[],"_links":{"self":[{"href":"https:\/\/www.ovpm.org\/fr\/wp-json\/wp\/v2\/posts\/11709"}],"collection":[{"href":"https:\/\/www.ovpm.org\/fr\/wp-json\/wp\/v2\/posts"}],"about":[{"href":"https:\/\/www.ovpm.org\/fr\/wp-json\/wp\/v2\/types\/post"}],"author":[{"embeddable":true,"href":"https:\/\/www.ovpm.org\/fr\/wp-json\/wp\/v2\/users\/1"}],"replies":[{"embeddable":true,"href":"https:\/\/www.ovpm.org\/fr\/wp-json\/wp\/v2\/comments?post=11709"}],"version-history":[{"count":0,"href":"https:\/\/www.ovpm.org\/fr\/wp-json\/wp\/v2\/posts\/11709\/revisions"}],"wp:featuredmedia":[{"embeddable":true,"href":"https:\/\/www.ovpm.org\/fr\/wp-json\/wp\/v2\/media\/11710"}],"wp:attachment":[{"href":"https:\/\/www.ovpm.org\/fr\/wp-json\/wp\/v2\/media?parent=11709"}],"wp:term":[{"taxonomy":"category","embeddable":true,"href":"https:\/\/www.ovpm.org\/fr\/wp-json\/wp\/v2\/categories?post=11709"},{"taxonomy":"post_tag","embeddable":true,"href":"https:\/\/www.ovpm.org\/fr\/wp-json\/wp\/v2\/tags?post=11709"}],"curies":[{"name":"wp","href":"https:\/\/api.w.org\/{rel}","templated":true}]}}