{"id":27794,"date":"2022-09-20T19:34:54","date_gmt":"2022-09-20T19:34:54","guid":{"rendered":"https:\/\/www.ovpm.org\/?p=27794"},"modified":"2022-09-20T19:34:54","modified_gmt":"2022-09-20T19:34:54","slug":"celebraciones-del-29a-dia-de-solidaridad-de-la-ocpm","status":"publish","type":"post","link":"https:\/\/www.ovpm.org\/es\/2022\/09\/20\/celebraciones-del-29a-dia-de-solidaridad-de-la-ocpm\/","title":{"rendered":"Celebraciones del 29\u00aa Dia de Solidaridad de la OCPM"},"content":{"rendered":"<p>La 29\u00aa Dia de Solidaridad de las Ciudades del Patrimonio Mundial fue una edici\u00f3n especial, ya que por fin pudimos reunirnos en persona en la ciudad de Qu\u00e9bec, Canad\u00e1, en el marco del 16\u00ba Congreso Mundial. Representantes de 43 ciudades miembros celebraron este festivo d\u00eda con el equipo de la OCPM, as\u00ed como con varios participantes que asistieron al Congreso como expertos, observadores y organizaciones asociadas.<\/p>\n<p>Durante las sesiones 1 y 2 del Simposio: \u00abMejorar la calidad de vida en las ciudades del patrimonio mundial\u00bb, celebrado el 8 de septiembre, varios discursos de alcaldes y cargos electos destacaron el valor y la diversidad del patrimonio de nuestros miembros, as\u00ed como reiteraron la necesidad de un esfuerzo colectivo para su conservaci\u00f3n y desarrollo para las generaciones futuras.<\/p>\n<p><img loading=\"lazy\" decoding=\"async\" class=\"aligncenter wp-image-27750\" src=\"https:\/\/www.ovpm.org\/wp-content\/uploads\/2022\/09\/dsc0111-300x192.jpg\" alt=\"\" width=\"568\" height=\"364\" srcset=\"https:\/\/www.ovpm.org\/wp-content\/uploads\/2022\/09\/dsc0111-300x192.jpg 300w, https:\/\/www.ovpm.org\/wp-content\/uploads\/2022\/09\/dsc0111-768x491.jpg 768w, https:\/\/www.ovpm.org\/wp-content\/uploads\/2022\/09\/dsc0111-1024x655.jpg 1024w, https:\/\/www.ovpm.org\/wp-content\/uploads\/2022\/09\/dsc0111-1200x767.jpg 1200w\" sizes=\"(max-width: 568px) 100vw, 568px\" \/><\/p>\n<p>En el marco del 29\u00ba D\u00eda de Solidaridad de la OCPM, muchos de nuestros miembros tambi\u00e9n organizaron actividades en sus ciudades.<\/p>\n<p>&nbsp;<\/p>\n<h3>QU\u00c9BEC<\/h3>\n<p>Para celebrar el D\u00eda de Solidaridad, la ciudad de Quebec puso en marcha un programa ciudadano en paralelo a las actividades del Congreso Mundial. El programa consisti\u00f3 de un total de siete actividades para descubrir o redescubrir el rico patrimonio del Viejo Qu\u00e9bec, y en este marco, el 8 de septiembre se inaugur\u00f3 una exposici\u00f3n de fotos antiguas sobre la ciudad de Qu\u00e9bec.<\/p>\n<p><img loading=\"lazy\" decoding=\"async\" class=\" wp-image-27753 aligncenter\" src=\"https:\/\/www.ovpm.org\/wp-content\/uploads\/2022\/09\/expophoto1500x1159-300x232.jpg\" alt=\"\" width=\"524\" height=\"405\" srcset=\"https:\/\/www.ovpm.org\/wp-content\/uploads\/2022\/09\/expophoto1500x1159-300x232.jpg 300w, https:\/\/www.ovpm.org\/wp-content\/uploads\/2022\/09\/expophoto1500x1159-768x593.jpg 768w, https:\/\/www.ovpm.org\/wp-content\/uploads\/2022\/09\/expophoto1500x1159-1024x791.jpg 1024w, https:\/\/www.ovpm.org\/wp-content\/uploads\/2022\/09\/expophoto1500x1159-1200x927.jpg 1200w, https:\/\/www.ovpm.org\/wp-content\/uploads\/2022\/09\/expophoto1500x1159.jpg 1500w\" sizes=\"(max-width: 524px) 100vw, 524px\" \/><\/p>\n<a href=\"https:\/\/www.maisonphotoquebec.ca\/100-ans-de-photographie-a-quebec\/\" class=\"button m-t-sm m-b-sm\">100 ans de photographie \u00e0 Qu\u00e9bec<\/a>\n<p>&nbsp;<\/p>\n<h3><strong>BAMBERG<\/strong><\/h3>\n<p>La ciudad de Bamberg iz\u00f3 las banderas doradas del Patrimonio Mundial en el ayuntamiento. Adem\u00e1s, durante las vacaciones de verano b\u00e1varas, las familias pudieron disfrutar de visitas gratuitas por su ciudad natal, y se prepararon actividades especiales para los ni\u00f1os, como: artesan\u00eda medieval, historia de la iglesia y vigilancia nocturna.<\/p>\n<p><img loading=\"lazy\" decoding=\"async\" class=\" wp-image-27757 aligncenter\" src=\"https:\/\/www.ovpm.org\/wp-content\/uploads\/2022\/09\/bambergflag-225x300.jpg\" alt=\"\" width=\"287\" height=\"383\" srcset=\"https:\/\/www.ovpm.org\/wp-content\/uploads\/2022\/09\/bambergflag-225x300.jpg 225w, https:\/\/www.ovpm.org\/wp-content\/uploads\/2022\/09\/bambergflag-768x1024.jpg 768w, https:\/\/www.ovpm.org\/wp-content\/uploads\/2022\/09\/bambergflag-300x400.jpg 300w, https:\/\/www.ovpm.org\/wp-content\/uploads\/2022\/09\/bambergflag-900x1200.jpg 900w, https:\/\/www.ovpm.org\/wp-content\/uploads\/2022\/09\/bambergflag.jpg 1536w\" sizes=\"(max-width: 287px) 100vw, 287px\" \/><\/p>\n<p>&nbsp;<\/p>\n<h3><strong>C\u00d3RDOBA<\/strong><\/h3>\n<p>Para celebrar el D\u00eda de Solidaridad, la ciudad de C\u00f3rdoba iz\u00f3 la bandera de la OCPM en la \u00abPuerta del Puente\u00bb, situada en el centro hist\u00f3rico de la ciudad. Adem\u00e1s, la ciudad organiz\u00f3 el \u00abWorld Heritage City Lab: Pr\u00e1cticas de Desarrollo Sostenible para el Patrimonio Urbano\u00bb, celebrado los d\u00edas 12, 13 y 14 de septiembre de 2022 tanto en l\u00ednea como presencialmente.<\/p>\n<p><img loading=\"lazy\" decoding=\"async\" class=\" wp-image-27764 aligncenter\" src=\"https:\/\/www.ovpm.org\/wp-content\/uploads\/2022\/09\/whatsapp-image-2022-09-08-at-105123-300x225.jpeg\" alt=\"\" width=\"549\" height=\"412\" srcset=\"https:\/\/www.ovpm.org\/wp-content\/uploads\/2022\/09\/whatsapp-image-2022-09-08-at-105123-300x225.jpeg 300w, https:\/\/www.ovpm.org\/wp-content\/uploads\/2022\/09\/whatsapp-image-2022-09-08-at-105123-1024x768.jpeg 1024w, https:\/\/www.ovpm.org\/wp-content\/uploads\/2022\/09\/whatsapp-image-2022-09-08-at-105123-768x576.jpeg 768w, https:\/\/www.ovpm.org\/wp-content\/uploads\/2022\/09\/whatsapp-image-2022-09-08-at-105123-1536x1152.jpeg 1536w, https:\/\/www.ovpm.org\/wp-content\/uploads\/2022\/09\/whatsapp-image-2022-09-08-at-105123-1200x900.jpeg 1200w, https:\/\/www.ovpm.org\/wp-content\/uploads\/2022\/09\/whatsapp-image-2022-09-08-at-105123.jpeg 2048w\" sizes=\"(max-width: 549px) 100vw, 549px\" \/><\/p>\n<a href=\"https:\/\/whc.unesco.org\/en\/events\/1703\/\" class=\"button m-t-sm m-b-sm\">World Heritage City Lab<\/a>\n<h3><\/h3>\n<h3><strong>GRANADA<\/strong><\/h3>\n<p>El Ayuntamiento de Granada organiz\u00f3 un amplio ciclo de actividades culturales gratuitas dirigidas a todos los p\u00fablicos, del 8 al 18 de septiembre. Entre las distintas actividades desarrolladas se encuentran: las tradicionales jornadas de puertas abiertas a diferentes monumentos del barrio, algunos de dif\u00edcil acceso durante los fines de semana como el Carmen del Aljibe del Rey; un concierto de m\u00fasica andalus\u00ed en el Marist\u00e1n y otro de m\u00fasica barroca en la Iglesia del Monasterio de Santa Isabel la Real; un toque de campanas de las iglesias y conventos del Albaic\u00edn; la celebraci\u00f3n de la Verbena de la Aurora; la inauguraci\u00f3n de exposiciones temporales; la presentaci\u00f3n de 5 Gu\u00edas Multimedia para conocer el Albaic\u00edn que son descargables en dispositivos m\u00f3viles a trav\u00e9s de la aplicaci\u00f3n Aumentur; la organizaci\u00f3n de diversas visitas guiadas; y muchas otras.<\/p>\n<p><img loading=\"lazy\" decoding=\"async\" class=\" wp-image-27767 aligncenter\" src=\"https:\/\/www.ovpm.org\/wp-content\/uploads\/2022\/09\/2-programa-cartelactividades2022rrss-300x300.jpg\" alt=\"\" width=\"496\" height=\"496\" srcset=\"https:\/\/www.ovpm.org\/wp-content\/uploads\/2022\/09\/2-programa-cartelactividades2022rrss-300x300.jpg 300w, https:\/\/www.ovpm.org\/wp-content\/uploads\/2022\/09\/2-programa-cartelactividades2022rrss-1024x1024.jpg 1024w, https:\/\/www.ovpm.org\/wp-content\/uploads\/2022\/09\/2-programa-cartelactividades2022rrss-150x150.jpg 150w, https:\/\/www.ovpm.org\/wp-content\/uploads\/2022\/09\/2-programa-cartelactividades2022rrss-768x768.jpg 768w, https:\/\/www.ovpm.org\/wp-content\/uploads\/2022\/09\/2-programa-cartelactividades2022rrss-500x500.jpg 500w, https:\/\/www.ovpm.org\/wp-content\/uploads\/2022\/09\/2-programa-cartelactividades2022rrss.jpg 1200w\" sizes=\"(max-width: 496px) 100vw, 496px\" \/><\/p>\n<p>&nbsp;<\/p>\n<h3><strong>CRACOVIA<\/strong><\/h3>\n<p>La ciudad de Cracovia comparti\u00f3 en los medios de comunicaci\u00f3n un amable mensaje de patrimonio, resiliencia y solidaridad.<\/p>\n<p><iframe loading=\"lazy\" title=\"Krak\u00f3w Heritage: Solidarity Day of World Heritage Cities (OWHC)\" width=\"500\" height=\"281\" src=\"https:\/\/www.youtube.com\/embed\/p2tJvcbrOKk?feature=oembed\" frameborder=\"0\" allow=\"accelerometer; autoplay; clipboard-write; encrypted-media; gyroscope; picture-in-picture; web-share\" referrerpolicy=\"strict-origin-when-cross-origin\" allowfullscreen><\/iframe><\/p>\n<p>&nbsp;<\/p>\n<h3><strong>FILADELFIA<\/strong><\/h3>\n<p>Las celebraciones del D\u00eda de la Solidaridad de la ciudad de Filadelfia honraron el impacto global del presentador de la MSNBC, Ali Velshi, y tuvieron como objetivo apoyar a los socios para el Patrimonio Mundial en Ucrania, donando el 10% de los ingresos netos para apoyar a la ciudad Patrimonio Mundial de Lviv.<\/p>\n<p><img loading=\"lazy\" decoding=\"async\" class=\" wp-image-27778 aligncenter\" src=\"https:\/\/www.ovpm.org\/wp-content\/uploads\/2022\/09\/global-philly-2022-600x400-1.png\" alt=\"\" width=\"296\" height=\"198\" \/><\/p>\n<p>&nbsp;<\/p>\n<h3><strong>LVOV<\/strong><\/h3>\n<p>Por invitaci\u00f3n de la ciudad de Filadelfia, el alcalde de Lviv, el Sr. Andriy Sadovyy, comparti\u00f3 un v\u00eddeo inspirador sobre el patrimonio y la resiliencia con motivo del D\u00eda de Solidaridad.<\/p>\n<p>&nbsp;<\/p>\n<div style=\"width: 640px;\" class=\"wp-video\"><!--[if lt IE 9]><script>document.createElement('video');<\/script><![endif]-->\n<video class=\"wp-video-shortcode\" id=\"video-27794-1\" width=\"640\" height=\"360\" preload=\"metadata\" controls=\"controls\"><source type=\"video\/mp4\" src=\"https:\/\/www.ovpm.org\/wp-content\/uploads\/2022\/09\/livivsolidarity-day-2022.mp4?_=1\" \/><a href=\"https:\/\/www.ovpm.org\/wp-content\/uploads\/2022\/09\/livivsolidarity-day-2022.mp4\">https:\/\/www.ovpm.org\/wp-content\/uploads\/2022\/09\/livivsolidarity-day-2022.mp4<\/a><\/video><\/div>\n<p>&nbsp;<\/p>\n<h3><strong>SEGOVIA<\/strong><\/h3>\n<p>Con motivo del D\u00eda de Solidaridad, el alcalde de la ciudad de Segovia comparti\u00f3 en los medios de comunicaci\u00f3n un v\u00eddeo en el que se destaca la importancia del patrimonio y algunas actividades que se est\u00e1n llevando a cabo en la ciudad. Tambi\u00e9n se iz\u00f3 la bandera de la OCPM en el centro hist\u00f3rico.<\/p>\n<div style=\"width: 640px;\" class=\"wp-video\"><video class=\"wp-video-shortcode\" id=\"video-27794-2\" width=\"640\" height=\"360\" preload=\"metadata\" controls=\"controls\"><source type=\"video\/mp4\" src=\"https:\/\/www.ovpm.org\/wp-content\/uploads\/2022\/09\/segoviasolidarity.mp4?_=2\" \/><a href=\"https:\/\/www.ovpm.org\/wp-content\/uploads\/2022\/09\/segoviasolidarity.mp4\">https:\/\/www.ovpm.org\/wp-content\/uploads\/2022\/09\/segoviasolidarity.mp4<\/a><\/video><\/div>\n<p>&nbsp;<\/p>\n","protected":false},"excerpt":{"rendered":"<p>La 29\u00aa Dia de Solidaridad de las Ciudades del Patrimonio Mundial fue una edici\u00f3n especial, ya que por fin pudimos reunirnos en persona en la ciudad de Qu\u00e9bec, Canad\u00e1, en el marco del 16\u00ba Congreso Mundial. Representantes de 43 ciudades miembros celebraron este festivo d\u00eda con el equipo de la OCPM, as\u00ed como con varios [&hellip;]<\/p>\n","protected":false},"author":3,"featured_media":27749,"comment_status":"open","ping_status":"open","sticky":false,"template":"","format":"standard","meta":{"_acf_changed":false,"footnotes":""},"categories":[3],"tags":[],"acf":[],"_links":{"self":[{"href":"https:\/\/www.ovpm.org\/es\/wp-json\/wp\/v2\/posts\/27794"}],"collection":[{"href":"https:\/\/www.ovpm.org\/es\/wp-json\/wp\/v2\/posts"}],"about":[{"href":"https:\/\/www.ovpm.org\/es\/wp-json\/wp\/v2\/types\/post"}],"author":[{"embeddable":true,"href":"https:\/\/www.ovpm.org\/es\/wp-json\/wp\/v2\/users\/3"}],"replies":[{"embeddable":true,"href":"https:\/\/www.ovpm.org\/es\/wp-json\/wp\/v2\/comments?post=27794"}],"version-history":[{"count":3,"href":"https:\/\/www.ovpm.org\/es\/wp-json\/wp\/v2\/posts\/27794\/revisions"}],"predecessor-version":[{"id":27797,"href":"https:\/\/www.ovpm.org\/es\/wp-json\/wp\/v2\/posts\/27794\/revisions\/27797"}],"wp:featuredmedia":[{"embeddable":true,"href":"https:\/\/www.ovpm.org\/es\/wp-json\/wp\/v2\/media\/27749"}],"wp:attachment":[{"href":"https:\/\/www.ovpm.org\/es\/wp-json\/wp\/v2\/media?parent=27794"}],"wp:term":[{"taxonomy":"category","embeddable":true,"href":"https:\/\/www.ovpm.org\/es\/wp-json\/wp\/v2\/categories?post=27794"},{"taxonomy":"post_tag","embeddable":true,"href":"https:\/\/www.ovpm.org\/es\/wp-json\/wp\/v2\/tags?post=27794"}],"curies":[{"name":"wp","href":"https:\/\/api.w.org\/{rel}","templated":true}]}}