{"id":13634,"date":"2015-11-16T09:12:42","date_gmt":"2015-11-16T09:12:42","guid":{"rendered":"https:\/\/www.ovpm.org\/2015\/11\/16\/cordoba-espana-ciudad-ganadora-de-la-4a-edicion-del-premio-jean-paul-lallier-para-el-patrimonio\/"},"modified":"2018-10-01T17:45:44","modified_gmt":"2018-10-01T17:45:44","slug":"cordoba-espana-ciudad-ganadora-de-la-4a-edicion-del-premio-jean-paul-lallier-para-el-patrimonio","status":"publish","type":"post","link":"https:\/\/www.ovpm.org\/es\/2015\/11\/16\/cordoba-espana-ciudad-ganadora-de-la-4a-edicion-del-premio-jean-paul-lallier-para-el-patrimonio\/","title":{"rendered":"C\u00f3rdoba (Espa\u00f1a) \u2013 Ciudad ganadora de la 4\u00aa edici\u00f3n del Premio Jean-Paul L\u2019Allier para el Patrimonio"},"content":{"rendered":"<p class=\"rtejustify\">\u00a1Enhorabuena a la ciudad de C\u00f3rdoba (Espa\u00f1a) por su proyecto<\/p>\n<p>&nbsp;<\/p>\n<p class=\"rtecenter\"><em>EL PROYECTO URBANO Y EL PAISAJE CULTURAL: PATRIMONIO, CULTURA, COMMERCIO Y\u00a0 TURISMO. LA RENOVACI\u00d3N DE LA CALLE CRUZ CONDE<\/em><\/p>\n<p>&nbsp;<\/p>\n<p class=\"rtejustify\">galardonada con el Premio Jean-Paul L\u2019Allier para el Patrimonio, edici\u00f3n de 2015!<\/p>\n<p class=\"rtejustify\">La Alcaldesa de C\u00f3rdoba, Excelent\u00edsima Se\u00f1ora Isabel Ambrosio Palos, recibi\u00f3 un certificado de honor de manos del Vicepresidente de la Organizaci\u00f3n de las Ciudades del Patrimonio Mundial (OCPM), Sr. Jorge Castro Mu\u00f1oz, Alcalde de la ciudad de Valpara\u00edso (Chile), durante una ceremonia organizada en el marco del XIII Congreso Mundial de la OCPM, que se celebr\u00f3 en Arequipa (Per\u00fa).<\/p>\n<p class=\"rtejustify\">A fin de poner de relieve la entrega de dicho premio, la arquitecta Rosa Lara, \u00a0art\u00edfice del proyecto, hizo una presentaci\u00f3n que se leer haciendo clic <a href=\"https:\/\/drive.google.com\/open?id=0B9YnmLTULX57TzIzVHVlVzlqcGs\">AQU\u00cd<\/a><\/p>\n<p class=\"rtejustify\">AL igual que en las tres ediciones anteriores, las candidaturas fueron estudiadas por un jurado internacional integrado por:<\/p>\n<p class=\"rtejustify\">La Sra. Sofia Avgerinou-Kolon\u00eda, de Atenas (Grecia), Presidenta del Comit\u00e9 Internacional de Ciudades y Pueblos Hist\u00f3ricos (CIVVIH), del ICOMOS<\/p>\n<ul>\n<li class=\"rtejustify\">El Sr. Samir Abdulac, Vicepresidente del Comit\u00e9 Internacional de Ciudades y Pueblos Hist\u00f3ricos (CIVVIH), y miembro del lCOMOS-Francia<\/li>\n<li class=\"rtejustify\">La Sra. Kerstin Manz, consultora en Patrimonio Mundial<\/li>\n<li class=\"rtejustify\">La Sra. Regina Wiala-Zimm, Jefa Ejecutiva de Relaciones Internacionales de la ciudad de Viena (Austria)<\/li>\n<li class=\"rtejustify\">El Sr. Bruno Delas, Director de Proyectos \u2013 Misi\u00f3n \u201cSitio Hist\u00f3rico de Lyon\u201d en la alcald\u00eda de Lyon (Francia)<\/li>\n<li class=\"rtejustify\">El Sr. Denis Ricard, Secretario General de la OCPM<\/li>\n<\/ul>\n<p class=\"rtejustify\">La ciudad de C\u00f3rdoba se distingui\u00f3 con un proyecto notable por su impacto tangible sobre la poblaci\u00f3n local, su metodolog\u00eda y sus soluciones aplicables a otras ciudades del Patrimonio Mundial y su respeto a las normas internacionales para el patrimonio. El jurado fue particularmente sensible ante la reutilizaci\u00f3n inteligente del trazado hist\u00f3rico del importante eje restaurado. Gracias al conocimiento \u00edntimo de su pasado, la calle Cruz Conde es hoy en d\u00eda un lugar de turismo y de comercio de gran relevancia en la vida de los cordobeses.<\/p>\n<p class=\"rtejustify\">Fueron siete las candidaturas finalistas, dos de las cuales proven\u00edan de la misma ciudad, evaluadas en base a criterios t\u00e9cnicos, sobre su contenido y su pertinencia. Las otras cinco ciudades candidatas fueron: Baeza, en Espa\u00f1a, Banska Stiavnika, en Rep\u00fablica Checa, M\u00e9xico D.F., en M\u00e9xico, Safranbolu, en Turqu\u00eda, y Sintra, en Portugal.<\/p>\n<p class=\"rtejustify\">El Premio Jean-Paul L\u2019Allier se cre\u00f3 en reconocimiento al Presidente y Fundador de la OCPM, Se\u00f1or Jean-Paul L\u2019Allier, quien fuera Alcalde de la Ciudad de Quebec de 1989 a 2005. Manifestamos nuestro m\u00e1s profundo agradecimiento al Se\u00f1or Serge Martin, que contribuy\u00f3 econ\u00f3micamente a la realizaci\u00f3n del Premio Jean-Paul L\u2019Allier para el Patrimonio.<\/p>\n<p class=\"rtejustify\">\u00a1Nuestra m\u00e1s sincera enhorabuena a la Ciudad de C\u00f3rdoba y a su Alcaldesa, Excelent\u00edsima Se\u00f1ora Isabel Ambrosio Palos!<\/p>\n","protected":false},"excerpt":{"rendered":"<p>\u00a1Enhorabuena a la ciudad de C\u00f3rdoba (Espa\u00f1a) por su proyecto &nbsp; EL PROYECTO URBANO Y EL PAISAJE CULTURAL: PATRIMONIO, CULTURA, COMMERCIO Y\u00a0 TURISMO. LA RENOVACI\u00d3N DE LA CALLE CRUZ CONDE &nbsp; galardonada con el Premio Jean-Paul L\u2019Allier para el Patrimonio, edici\u00f3n de 2015! La Alcaldesa de C\u00f3rdoba, Excelent\u00edsima Se\u00f1ora Isabel Ambrosio Palos, recibi\u00f3 un certificado [&hellip;]<\/p>\n","protected":false},"author":1,"featured_media":13635,"comment_status":"open","ping_status":"open","sticky":false,"template":"","format":"standard","meta":{"_acf_changed":false,"footnotes":""},"categories":[3,2],"tags":[],"acf":[],"_links":{"self":[{"href":"https:\/\/www.ovpm.org\/es\/wp-json\/wp\/v2\/posts\/13634"}],"collection":[{"href":"https:\/\/www.ovpm.org\/es\/wp-json\/wp\/v2\/posts"}],"about":[{"href":"https:\/\/www.ovpm.org\/es\/wp-json\/wp\/v2\/types\/post"}],"author":[{"embeddable":true,"href":"https:\/\/www.ovpm.org\/es\/wp-json\/wp\/v2\/users\/1"}],"replies":[{"embeddable":true,"href":"https:\/\/www.ovpm.org\/es\/wp-json\/wp\/v2\/comments?post=13634"}],"version-history":[{"count":0,"href":"https:\/\/www.ovpm.org\/es\/wp-json\/wp\/v2\/posts\/13634\/revisions"}],"wp:featuredmedia":[{"embeddable":true,"href":"https:\/\/www.ovpm.org\/es\/wp-json\/wp\/v2\/media\/13635"}],"wp:attachment":[{"href":"https:\/\/www.ovpm.org\/es\/wp-json\/wp\/v2\/media?parent=13634"}],"wp:term":[{"taxonomy":"category","embeddable":true,"href":"https:\/\/www.ovpm.org\/es\/wp-json\/wp\/v2\/categories?post=13634"},{"taxonomy":"post_tag","embeddable":true,"href":"https:\/\/www.ovpm.org\/es\/wp-json\/wp\/v2\/tags?post=13634"}],"curies":[{"name":"wp","href":"https:\/\/api.w.org\/{rel}","templated":true}]}}