{"id":13061,"date":"2014-12-12T07:59:41","date_gmt":"2014-12-12T07:59:41","guid":{"rendered":"https:\/\/www.ovpm.org\/2014\/12\/12\/folleto-accesibilidad-y-patrimonio-sresm-ocpm\/"},"modified":"2014-12-12T07:59:41","modified_gmt":"2014-12-12T07:59:41","slug":"folleto-accesibilidad-y-patrimonio-sresm-ocpm","status":"publish","type":"post","link":"https:\/\/www.ovpm.org\/es\/2014\/12\/12\/folleto-accesibilidad-y-patrimonio-sresm-ocpm\/","title":{"rendered":"Folleto Accesibilidad y Patrimonio SRESM-OCPM"},"content":{"rendered":"<p class=\"rtejustify\" style=\"margin-bottom: 0cm\"><span style=\"color:#000080;\"><strong><span style=\"line-height: 1.6;\">ACCESIBILIDAD Y PATRIMONIO<\/span><\/strong><\/span><\/p>\n<p class=\"rtejustify\" style=\"margin-bottom: 0cm\"><span style=\"font-size:11px;\"><i style=\"font-size: 8pt; font-family: Arial-BoldItalicMT, sans-serif; color: rgb(0, 0, 0); line-height: 1.6;\"><b>SOBRE EL PATRIMONIO<\/b><\/i><\/span><\/p>\n<p class=\"rtejustify\" style=\"margin-bottom: 0cm\"><span style=\"font-size:11px;\"><font color=\"#000000\"><font face=\"ArialMT, sans-serif\"><font style=\"font-size: 8pt\">Hoy el t\u00e9rmino Patrimonio Mundial se identifica de forma general e inmediata con la realidad cultural&nbsp;<\/font><\/font><\/font><span style=\"font-family: ArialMT, sans-serif; color: rgb(0, 0, 0); line-height: 1.6;\">pr\u00f3xima o lejana, con bienes \u00fanicos identificables y tangibles que representan un inter\u00e9s excepcional&nbsp;<\/span><span style=\"font-family: ArialMT, sans-serif; color: rgb(0, 0, 0); line-height: 1.6;\">sea cual sea el pa\u00eds al que pertenecen, y que han de respetarse y conservarse como elementos del&nbsp;<\/span><span style=\"font-family: ArialMT, sans-serif; color: rgb(0, 0, 0); line-height: 1.6;\">patrimonio de toda la humanidad. No siempre fue as\u00ed. Ante la amenaza de deterioro o desaparici\u00f3n,&nbsp;<\/span><font face=\"ArialMT, sans-serif\" style=\"font-size: small; color: rgb(0, 0, 0); line-height: 1.6;\"><font style=\"font-size: 8pt\">la conservaci\u00f3n del Patrimonio recibe un impulso definitivo con la <\/font><\/font><font face=\"Arial-BoldMT, sans-serif\" style=\"font-size: small; color: rgb(0, 0, 0); line-height: 1.6;\"><font style=\"font-size: 8pt\"><b>Convenci\u00f3n sobre la Protecci\u00f3n&nbsp;<\/b><\/font><\/font><font face=\"Arial-BoldMT, sans-serif\" style=\"font-size: small; color: rgb(0, 0, 0); line-height: 1.6;\"><font style=\"font-size: 8pt\"><b>del Patrimonio Mundial Cultural y Natural<\/b><\/font><\/font><font face=\"ArialMT, sans-serif\" style=\"font-size: small; color: rgb(0, 0, 0); line-height: 1.6;\"><font style=\"font-size: 8pt\">, aprobada en Par\u00eds por la Conferencia General de&nbsp;<\/font><\/font><span style=\"font-family: ArialMT, sans-serif; color: rgb(0, 0, 0); line-height: 1.6;\">la Organizaci\u00f3n de las Naciones Unidas para la Educaci\u00f3n, la Ciencia y la Cultura en noviembre de&nbsp;<\/span><span style=\"font-family: ArialMT, sans-serif; color: rgb(0, 0, 0); line-height: 1.6;\">1972. Desde que se efectuaron las dos primeras inscripciones en 1978, la Lista del Patrimonio&nbsp;<\/span><span style=\"font-family: ArialMT, sans-serif; color: rgb(0, 0, 0); line-height: 1.6;\">Mundial ha crecido hasta sumar en la actualidad 779 bienes culturales, 197 bienes naturales y 31&nbsp;<\/span><span style=\"font-family: ArialMT, sans-serif; color: rgb(0, 0, 0); line-height: 1.6;\">bienes mixtos. Es decir, 1007 bienes pertenecientes a 161 estados miembros. Coincidiendo con su&nbsp;<\/span><span style=\"font-family: ArialMT, sans-serif; color: rgb(0, 0, 0); line-height: 1.6;\">cuadrag\u00e9simo aniversario, la UNESCO y el Comit\u00e9 del Patrimonio Mundial, al hacer balance de ese&nbsp;<\/span><span style=\"font-family: ArialMT, sans-serif; color: rgb(0, 0, 0); line-height: 1.6;\">periodo, se\u00f1alaban que era necesario incluir en la Lista no solo monumentos, palacios, catedrales&nbsp;<\/span><span style=\"font-family: ArialMT, sans-serif; color: rgb(0, 0, 0); line-height: 1.6;\">y edificios hist\u00f3ricos, conjuntos, jardines y sitios hist\u00f3ricos, o zonas arqueol\u00f3gicas, sino tambi\u00e9n&nbsp;<\/span><span style=\"font-family: ArialMT, sans-serif; color: rgb(0, 0, 0); line-height: 1.6;\">ejemplos de arquitectura moderna, paisajes culturales, sitios transfronterizos, programas tem\u00e1ticos&nbsp;<\/span><span style=\"font-family: ArialMT, sans-serif; color: rgb(0, 0, 0); line-height: 1.6;\">dedicados al patrimonio marino, los bosques, la arquitectura de tierra o instalaciones industriales, entre&nbsp;otros. Como afirma F. Bandarin, el concepto de patrimonio mundial es algo vivo, por lo que la Lista&nbsp;debe tener un car\u00e1cter inclusivo y reflejar la evoluci\u00f3n de lo que entendemos por cultura y naturaleza.<\/span><\/span><\/p>\n<p class=\"rtejustify\" style=\"margin-bottom: 0cm\"><span style=\"font-size:11px;\"><font color=\"#000000\"><font face=\"Arial, sans-serif\"><font face=\"ArialMT, sans-serif\"><font style=\"font-size: 8pt\">Este compromiso de universalidad, <\/font><\/font><font face=\"Arial-ItalicMT, sans-serif\"><font style=\"font-size: 8pt\"><i>elementos del patrimonio mundial de la humanidad entera, <\/i><\/font><\/font><font face=\"ArialMT, sans-serif\"><font style=\"font-size: 8pt\">recogido&nbsp;<\/font><\/font><\/font><\/font><font face=\"ArialMT, sans-serif\" style=\"font-size: small; color: rgb(0, 0, 0); line-height: 1.6;\"><font style=\"font-size: 8pt\">en los <\/font><\/font><font face=\"Arial-ItalicMT, sans-serif\" style=\"font-size: small; color: rgb(0, 0, 0); line-height: 1.6;\"><font style=\"font-size: 8pt\"><i>Considerando <\/i><\/font><\/font><font face=\"ArialMT, sans-serif\" style=\"font-size: small; color: rgb(0, 0, 0); line-height: 1.6;\"><font style=\"font-size: 8pt\">de la Convenci\u00f3n, ha tra\u00eddo resultados positivos para el desarrollo cultural, social&nbsp;<\/font><\/font><span style=\"font-family: ArialMT, sans-serif; color: rgb(0, 0, 0); line-height: 1.6;\">y econ\u00f3mico de las ciudades que se incluyen en la Lista. Sin embargo, tiene por delante un nuevo reto:&nbsp;facilitar que estos bienes culturales y naturales puedan ser accesibles, conocidos y disfrutados por&nbsp;todas las personas, incluidas las personas con discapacidad.<\/span><\/span><\/p>\n<p class=\"rtejustify\" style=\"margin-bottom: 0cm\"><span style=\"font-size:11px;\"><font color=\"#000000\"><font face=\"Arial-BoldItalicMT, sans-serif\"><font style=\"font-size: 8pt\"><i><b>SOBRE LA ACCESIBILIDAD<\/b><\/i><\/font><\/font><\/font><\/span><\/p>\n<p class=\"rtejustify\" style=\"margin-bottom: 0cm\"><span style=\"font-size:11px;\"><font color=\"#000000\"><font face=\"ArialMT, sans-serif\"><font style=\"font-size: 8pt\">Treinta y dos a\u00f1os despu\u00e9s de la \u00faltima Convenci\u00f3n, los Estados Miembros de las Naciones Unidas,&nbsp;<\/font><\/font><\/font><span style=\"font-family: ArialMT, sans-serif; color: rgb(0, 0, 0); line-height: 1.6;\">ante la necesidad de ejercer su protecci\u00f3n universal sobre las Personas con Discapacidad, aprueban&nbsp;<\/span><span style=\"font-family: ArialMT, sans-serif; color: rgb(0, 0, 0); line-height: 1.6;\">en Asamblea General el d\u00eda 13 de diciembre de 2006, en la Sede de las Naciones Unidas en Nueva&nbsp;<\/span><font face=\"ArialMT, sans-serif\" style=\"font-size: small; color: rgb(0, 0, 0); line-height: 1.6;\"><font style=\"font-size: 8pt\">York, la <\/font><\/font><font face=\"Arial-BoldMT, sans-serif\" style=\"font-size: small; color: rgb(0, 0, 0); line-height: 1.6;\"><font style=\"font-size: 8pt\"><b>Convenci\u00f3n sobre los derechos de las personas con discapacidad<\/b><\/font><\/font><font face=\"ArialMT, sans-serif\" style=\"font-size: small; color: rgb(0, 0, 0); line-height: 1.6;\"><font style=\"font-size: 8pt\">, y su <\/font><\/font><font face=\"Arial-BoldMT, sans-serif\" style=\"font-size: small; color: rgb(0, 0, 0); line-height: 1.6;\"><font style=\"font-size: 8pt\"><b>Protocolo&nbsp;<\/b><\/font><\/font><font face=\"Arial-BoldMT, sans-serif\" style=\"font-size: small; color: rgb(0, 0, 0); line-height: 1.6;\"><font style=\"font-size: 8pt\"><b>Facultativo<\/b><\/font><\/font><font face=\"ArialMT, sans-serif\" style=\"font-size: small; color: rgb(0, 0, 0); line-height: 1.6;\"><font style=\"font-size: 8pt\">. Es el primer documento amplio de derechos humanos del siglo XXI y el primer instrumento&nbsp;<\/font><\/font><span style=\"font-family: ArialMT, sans-serif; color: rgb(0, 0, 0); line-height: 1.6;\">legalmente vinculante que protege de manera general los derechos de las personas con discapacidad.<\/span><\/span><\/p>\n<p class=\"rtejustify\" style=\"margin-bottom: 0cm\"><span style=\"font-size:11px;\"><font color=\"#000000\"><font face=\"ArialMT, sans-serif\"><font style=\"font-size: 8pt\">Representa un \u201ccambio paradigm\u00e1tico\u201d de las actitudes y enfoques. Los Estados que firman y ratifican&nbsp;<\/font><\/font><\/font><span style=\"font-family: ArialMT, sans-serif; color: rgb(0, 0, 0); line-height: 1.6;\">la Convenci\u00f3n tienen una clara obligaci\u00f3n de promover, proteger y asegurar los derechos de las&nbsp;<\/span><span style=\"font-family: ArialMT, sans-serif; color: rgb(0, 0, 0); line-height: 1.6;\">personas con discapacidad, y aceptan las obligaciones jur\u00eddicas que les corresponden en virtud del&nbsp;<\/span><span style=\"font-family: ArialMT, sans-serif; color: rgb(0, 0, 0); line-height: 1.6;\">tratado, debiendo adaptar su legislaci\u00f3n para hacerlas cumplir. El Comit\u00e9 sobre los Derechos de las&nbsp;<\/span><span style=\"font-family: ArialMT, sans-serif; color: rgb(0, 0, 0); line-height: 1.6;\">Personas con Discapacidad y la Conferencia de los Estados Miembros se encargan de supervisar&nbsp;<\/span><span style=\"font-family: ArialMT, sans-serif; color: rgb(0, 0, 0); line-height: 1.6;\">la aplicaci\u00f3n de la Convenci\u00f3n. Adem\u00e1s, los pa\u00edses que firman y ratifican el Protocolo aceptan la&nbsp;autoridad del anterior Comit\u00e9 para examinar las denuncias individuales de violaci\u00f3n de sus derechos&nbsp;consagrados y para investigar violaciones graves o sistem\u00e1ticas de la Convenci\u00f3n.&nbsp;<\/span><\/span><font color=\"#000000\" style=\"font-size: 11px; line-height: 1.6;\"><font face=\"ArialMT, sans-serif\"><font style=\"font-size: 8pt\">En el Pre\u00e1mbulo se hace notar con inquietud que, pese a todos los instrumentos promulgados y a&nbsp;<\/font><\/font><\/font><span style=\"font-size: 11px; line-height: 1.6; font-family: ArialMT, sans-serif; color: rgb(0, 0, 0);\">las actividades desarrolladas para su defensa y promoci\u00f3n, las personas con discapacidad siguen&nbsp;encontrando numerosas barreras que les impiden participar en la vida social en igualdad de condiciones.<\/span><\/p>\n<p class=\"rtejustify\" style=\"margin-bottom: 0cm\"><span style=\"font-size:11px;\"><font color=\"#000000\"><font face=\"ArialMT, sans-serif\"><font style=\"font-size: 8pt\">Al mismo tiempo, se reconoce la diversidad del colectivo al que nos referimos y la evoluci\u00f3n habida en&nbsp;<\/font><\/font><\/font><span style=\"font-family: ArialMT, sans-serif; color: rgb(0, 0, 0); line-height: 1.6;\">el propio concepto. Es decir, hoy la discapacidad se entiende como resultado de la interacci\u00f3n entre&nbsp;<\/span><span style=\"font-family: ArialMT, sans-serif; color: rgb(0, 0, 0); line-height: 1.6;\">las personas y las barreras existentes, que se deben a la actitud de las personas y al entorno. Se&nbsp;<\/span><span style=\"font-family: ArialMT, sans-serif; color: rgb(0, 0, 0); line-height: 1.6;\">reconoce, tambi\u00e9n en el Pre\u00e1mbulo, la gran importancia de la accesibilidad al entorno f\u00edsico, social,&nbsp;<\/span><font face=\"ArialMT, sans-serif\" style=\"font-size: small; color: rgb(0, 0, 0); line-height: 1.6;\"><font style=\"font-size: 8pt\">econ\u00f3mico y cultural, a la informaci\u00f3n y a las comunicaciones. Por ello, la <\/font><\/font><font face=\"Arial-ItalicMT, sans-serif\" style=\"font-size: small; color: rgb(0, 0, 0); line-height: 1.6;\"><font style=\"font-size: 8pt\"><i>Accesibilidad <\/i><\/font><\/font><font face=\"ArialMT, sans-serif\" style=\"font-size: small; color: rgb(0, 0, 0); line-height: 1.6;\"><font style=\"font-size: 8pt\">se asume&nbsp;<\/font><\/font><span style=\"font-family: ArialMT, sans-serif; color: rgb(0, 0, 0); line-height: 1.6;\">como uno de los Principios Generales de la Convenci\u00f3n. Sin embargo, si bien todos sabemos qu\u00e9 es&nbsp;<\/span><span style=\"font-family: ArialMT, sans-serif; color: rgb(0, 0, 0); line-height: 1.6;\">el Patrimonio, no tenemos tan claro qu\u00e9 es la accesibilidad. Asumir\u00edamos, con escasas diferencias, que&nbsp;<\/span><font face=\"ArialMT, sans-serif\" style=\"font-size: small; color: rgb(0, 0, 0); line-height: 1.6;\"><font style=\"font-size: 8pt\">es <\/font><\/font><font face=\"Arial-ItalicMT, sans-serif\" style=\"font-size: small; color: rgb(0, 0, 0); line-height: 1.6;\"><font style=\"font-size: 8pt\"><i>una condici\u00f3n que deben cumplir los entornos, procesos, bienes, productos y servicios, as\u00ed como los&nbsp;<\/i><\/font><\/font><i style=\"font-size: 8pt; font-family: Arial-ItalicMT, sans-serif; color: rgb(0, 0, 0); line-height: 1.6;\">objetos o instrumentos, herramientas y dispositivos, para ser comprensibles, utilizables y practicables&nbsp;<\/i><font color=\"#000000\" style=\"line-height: 1.6;\"><font face=\"Arial-ItalicMT, sans-serif\"><font style=\"font-size: 8pt\"><i>por todas las personas en condiciones de seguridad y comodidad y de la forma m\u00e1s aut\u00f3noma y&nbsp;<\/i><\/font><\/font><\/font><i style=\"font-size: 8pt; font-family: Arial-ItalicMT, sans-serif; color: rgb(0, 0, 0); line-height: 1.6;\">natural posible.<\/i><\/span><\/p>\n<p class=\"rtejustify\" style=\"margin-bottom: 0cm\"><span style=\"font-size:11px;\"><font color=\"#000000\"><font face=\"ArialMT, sans-serif\"><font style=\"font-size: 8pt\">En su itinerario vital diario, una persona con discapacidad podr\u00e1 sentirse integrada y tendr\u00e1 iguales&nbsp;<\/font><\/font><\/font><span style=\"font-family: ArialMT, sans-serif; color: rgb(0, 0, 0); line-height: 1.6;\">oportunidades en funci\u00f3n de la accesibilidad, o de su ausencia, en \u00e1mbitos tales como la informaci\u00f3n,&nbsp;<\/span><span style=\"font-family: ArialMT, sans-serif; color: rgb(0, 0, 0); line-height: 1.6;\">el transporte, el urbanismo, la arquitectura, la comunicaci\u00f3n y los servicios que recibe o usa de la&nbsp;<\/span><span style=\"font-family: ArialMT, sans-serif; color: rgb(0, 0, 0); line-height: 1.6;\">administraci\u00f3n. La accesibilidad es doblemente transversal: por un lado \u201catraviesa\u201d la actividad de la&nbsp;persona y, por otro, \u201catraviesa\u201d el desempe\u00f1o de \u00e1mbitos muy diferentes de la administraci\u00f3n y sus&nbsp;recursos.&nbsp;<\/span><\/span><span style=\"font-size: 11px;\"><font color=\"#000000\"><font face=\"ArialMT, sans-serif\"><font style=\"font-size: 8pt\">Este amplio campo de contenidos es en parte desconocido y de incipiente aplicaci\u00f3n. Esto se debe a&nbsp;<\/font><\/font><\/font><span style=\"font-family: ArialMT, sans-serif; color: rgb(0, 0, 0); line-height: 1.6;\">factores como su reciente formulaci\u00f3n y entrada en escena, su aplicaci\u00f3n a \u00e1mbitos muy complejos,&nbsp;<\/span><span style=\"font-family: ArialMT, sans-serif; color: rgb(0, 0, 0); line-height: 1.6;\">su relaci\u00f3n con una poblaci\u00f3n muy heterog\u00e9nea y de amplia diversidad funcional (movilidad reducida,&nbsp;<\/span><span style=\"font-family: ArialMT, sans-serif; color: rgb(0, 0, 0); line-height: 1.6;\">ceguera o baja visi\u00f3n, sordera o baja audici\u00f3n, diversas capacidades cognitivas, entre otros) que&nbsp;<\/span><span style=\"font-family: ArialMT, sans-serif; color: rgb(0, 0, 0); line-height: 1.6;\">obliga a soluciones diferenciadas e integradoras. Por otro lado, tambi\u00e9n contribuye a ello su car\u00e1cter&nbsp;<\/span><span style=\"font-family: ArialMT, sans-serif; color: rgb(0, 0, 0); line-height: 1.6;\">transversal, que implica a diversos \u00e1mbitos de la gesti\u00f3n y la numerosa y dispersa normativa existente&nbsp;<\/span><span style=\"font-family: ArialMT, sans-serif; color: rgb(0, 0, 0); line-height: 1.6;\">en el diagn\u00f3stico y en la soluci\u00f3n. Dicha normativa a veces dificulta soluciones ajustadas, la incipiente&nbsp;formaci\u00f3n t\u00e9cnica y profesional en los \u00e1mbitos relacionados, la atomizaci\u00f3n de agentes y colectivos, o&nbsp;el anclaje en la agenda institucional.&nbsp;<\/span><\/span><font color=\"#000000\" style=\"font-size: 11px; line-height: 1.6;\"><font face=\"ArialMT, sans-serif\"><font style=\"font-size: 8pt\">No obstante, nuestras ciudades han asumido el compromiso ya que los once pa\u00edses (treinta y una&nbsp;<\/font><\/font><\/font><span style=\"font-size: 11px; line-height: 1.6; font-family: ArialMT, sans-serif; color: rgb(0, 0, 0);\">ciudades) que forman parte de la Secretar\u00eda han firmado y ratificado la Convenci\u00f3n. Adem\u00e1s, siete de&nbsp;estos once pa\u00edses (veintisiete ciudades) han firmado y ratificado el Protocolo Facultativo, con lo que ello&nbsp;conlleva respecto a su aplicaci\u00f3n y supervisi\u00f3n.<\/span><\/p>\n<p class=\"rtejustify\" style=\"margin-bottom: 0cm\"><i style=\"font-size: 8pt; font-family: Arial-BoldItalicMT, sans-serif; color: rgb(0, 0, 0); line-height: 1.6;\"><b>CLAVES PARA AVANZAR<\/b><\/i><\/p>\n<p class=\"rtejustify\" style=\"margin-bottom: 0cm\"><span style=\"font-size:11px;\"><font color=\"#000000\"><font face=\"ArialMT, sans-serif\"><font style=\"font-size: 8pt\">En el futuro hay que redoblar el esfuerzo por evitar la sutil forma de discriminaci\u00f3n que representa la&nbsp;<\/font><\/font><\/font><span style=\"font-family: ArialMT, sans-serif; color: rgb(0, 0, 0); line-height: 1.6;\">falta de accesibilidad. La experiencia de las ciudades m\u00e1s avanzadas nos demuestra la necesidad&nbsp;<\/span><span style=\"font-family: ArialMT, sans-serif; color: rgb(0, 0, 0); line-height: 1.6;\">de apoyarse en cuatro pilares b\u00e1sicos: la voluntad institucional, para fomentar planes de actuaci\u00f3n y&nbsp;<\/span><span style=\"font-family: ArialMT, sans-serif; color: rgb(0, 0, 0); line-height: 1.6;\">proporcionar los recursos adecuados; la aplicaci\u00f3n de la legislaci\u00f3n y, cuando sea necesario, de un&nbsp;<\/span><span style=\"font-family: ArialMT, sans-serif; color: rgb(0, 0, 0); line-height: 1.6;\">ajuste razonable de las soluciones a la realidad pre-existente; la participaci\u00f3n de agentes profesionales&nbsp;<\/span><span style=\"font-family: ArialMT, sans-serif; color: rgb(0, 0, 0); line-height: 1.6;\">y colectivos de personas con discapacidad para detectar las necesidades y ayudar a priorizar las<\/span><span style=\"font-family: ArialMT, sans-serif; color: rgb(0, 0, 0); line-height: 1.6;\">intervenciones; e instrumentos u \u00f3rganos de gesti\u00f3n responsables para soportar la necesaria respuesta&nbsp;<\/span><span style=\"font-family: ArialMT, sans-serif; color: rgb(0, 0, 0); line-height: 1.6;\">transversal y la coordinaci\u00f3n en la \u201cCadena de la Accesibilidad\u201d (Informaci\u00f3n-Comunicaci\u00f3n, Transporte,&nbsp;<\/span><span style=\"font-family: ArialMT, sans-serif; color: rgb(0, 0, 0); line-height: 1.6;\">Urbanismo, Arquitectura, Servicios al Ciudadano). Sobre estos pilares, avanzaremos con un enfoque&nbsp;<\/span><span style=\"font-family: ArialMT, sans-serif; color: rgb(0, 0, 0); line-height: 1.6;\">multidisciplinar (que aporte la perspectiva de las diversas disciplinas y ayude a resolver las \u201ctensiones\u201d&nbsp;<\/span><span style=\"font-family: ArialMT, sans-serif; color: rgb(0, 0, 0); line-height: 1.6;\">que se puedan producir) comprensivo con el momento y condicionantes de cada realidad en la que se&nbsp;<\/span><span style=\"font-family: ArialMT, sans-serif; color: rgb(0, 0, 0); line-height: 1.6;\">interviene, con soluciones escaladas (estructurales, provisionales, t\u00e9cnicas, tecnol\u00f3gicas, audiovisuales,&nbsp;u otras), ajustadas al objetivo, respetuosas con la protecci\u00f3n a la que, en su caso, est\u00e9 sujeto el bien o&nbsp;recurso, integradas e \u201cinvisibles\u201d, pues lo que se percibe no es la accesibilidad, sino su ausencia.<\/span><\/span><\/p>\n<p class=\"rtejustify\" style=\"margin-bottom: 0cm\"><span style=\"font-size:11px;\"><font color=\"#000000\"><font face=\"ArialMT, sans-serif\"><font style=\"font-size: 8pt\">Estamos de acuerdo en que los Ayuntamientos son la administraci\u00f3n m\u00e1s pr\u00f3xima a las personas,&nbsp;<\/font><\/font><\/font><span style=\"font-family: ArialMT, sans-serif; color: rgb(0, 0, 0); line-height: 1.6;\">a los problemas y sus soluciones, y en que las actuaciones en materia de accesibilidad inciden directa&nbsp;y positivamente sobre casi la mitad de la poblaci\u00f3n e influyen en la calidad de vida de todos. Por tanto,&nbsp;ejerzamos nuestra responsabilidad llevando tambi\u00e9n la cultura de la accesibilidad a la defensa del Patrimonio.<\/span><\/span><\/p>\n","protected":false},"excerpt":{"rendered":"<p>ACCESIBILIDAD Y PATRIMONIO SOBRE EL PATRIMONIO Hoy el t\u00e9rmino Patrimonio Mundial se identifica de forma general e inmediata con la realidad cultural&nbsp;pr\u00f3xima o lejana, con bienes \u00fanicos identificables y tangibles que representan un inter\u00e9s excepcional&nbsp;sea cual sea el pa\u00eds al que pertenecen, y que han de respetarse y conservarse como elementos del&nbsp;patrimonio de toda la [&hellip;]<\/p>\n","protected":false},"author":1,"featured_media":13062,"comment_status":"open","ping_status":"open","sticky":false,"template":"","format":"standard","meta":{"_acf_changed":false,"footnotes":""},"categories":[1],"tags":[],"acf":[],"_links":{"self":[{"href":"https:\/\/www.ovpm.org\/es\/wp-json\/wp\/v2\/posts\/13061"}],"collection":[{"href":"https:\/\/www.ovpm.org\/es\/wp-json\/wp\/v2\/posts"}],"about":[{"href":"https:\/\/www.ovpm.org\/es\/wp-json\/wp\/v2\/types\/post"}],"author":[{"embeddable":true,"href":"https:\/\/www.ovpm.org\/es\/wp-json\/wp\/v2\/users\/1"}],"replies":[{"embeddable":true,"href":"https:\/\/www.ovpm.org\/es\/wp-json\/wp\/v2\/comments?post=13061"}],"version-history":[{"count":0,"href":"https:\/\/www.ovpm.org\/es\/wp-json\/wp\/v2\/posts\/13061\/revisions"}],"wp:featuredmedia":[{"embeddable":true,"href":"https:\/\/www.ovpm.org\/es\/wp-json\/wp\/v2\/media\/13062"}],"wp:attachment":[{"href":"https:\/\/www.ovpm.org\/es\/wp-json\/wp\/v2\/media?parent=13061"}],"wp:term":[{"taxonomy":"category","embeddable":true,"href":"https:\/\/www.ovpm.org\/es\/wp-json\/wp\/v2\/categories?post=13061"},{"taxonomy":"post_tag","embeddable":true,"href":"https:\/\/www.ovpm.org\/es\/wp-json\/wp\/v2\/tags?post=13061"}],"curies":[{"name":"wp","href":"https:\/\/api.w.org\/{rel}","templated":true}]}}