{"id":11978,"date":"2012-11-14T15:17:05","date_gmt":"2012-11-14T15:17:05","guid":{"rendered":"https:\/\/www.ovpm.org\/2012\/11\/14\/el-xii-congreso-mundial-de-la-organizacion-de-las-ciudades-del-patrimonio-mundial-tendra-lugar-en-oaxaca-de-juarez-mexico-del-19-al-22-de-noviembre-de-2013\/"},"modified":"2012-11-14T15:17:05","modified_gmt":"2012-11-14T15:17:05","slug":"el-xii-congreso-mundial-de-la-organizacion-de-las-ciudades-del-patrimonio-mundial-tendra-lugar-en-oaxaca-de-juarez-mexico-del-19-al-22-de-noviembre-de-2013","status":"publish","type":"post","link":"https:\/\/www.ovpm.org\/es\/2012\/11\/14\/el-xii-congreso-mundial-de-la-organizacion-de-las-ciudades-del-patrimonio-mundial-tendra-lugar-en-oaxaca-de-juarez-mexico-del-19-al-22-de-noviembre-de-2013\/","title":{"rendered":"\u00a1El XII Congreso mundial de la Organizaci\u00f3n de las ciudades del patrimonio mundial tendr\u00e1 lugar en Oaxaca de Ju\u00e1rez, M\u00e9xico, del 19 al 22 de noviembre de 2013!"},"content":{"rendered":"<p><span style=\"background-color: rgb(255, 255, 255);\">El<\/span><strong style=\"margin: 0px; padding: 0px; border: 0px; outline: 0px; vertical-align: baseline; font: inherit; background-color: rgb(255, 255, 255);\">&nbsp;<\/strong><strong><strong style=\"margin: 0px; padding: 0px; border: 0px; outline: 0px; vertical-align: baseline; font: inherit; background-color: rgb(255, 255, 255);\">XII Congreso mundial de la Organizaci\u00f3n de las ciudades del patrimonio mundial<\/strong><span style=\"background-color: rgb(255, 255, 255);\">&nbsp;<\/span><\/strong><span style=\"background-color: rgb(255, 255, 255);\">tendr\u00e1 lugar en<\/span><strong><span style=\"background-color: rgb(255, 255, 255);\">&nbsp;<\/span><strong style=\"margin: 0px; padding: 0px; border: 0px; outline: 0px; vertical-align: baseline; font: inherit; background-color: rgb(255, 255, 255);\">Oaxaca de Ju\u00e1rez, M\u00e9xico, del 19 al 22 de noviembre de 2013<\/strong><span style=\"background-color: rgb(255, 255, 255);\">.&nbsp;<\/span><\/strong><span id=\"result_box\" lang=\"es\" style=\"margin: 0px; padding: 0px; border: 0px; outline: 0px; vertical-align: baseline; font: inherit; background-color: rgb(255, 255, 255);\" xml:lang=\"es\"><span class=\"hps\" style=\"margin: 0px; padding: 0px; border: 0px; outline: 0px; vertical-align: baseline; font: inherit;\">Con motivo<\/span>&nbsp;<span class=\"hps\" style=\"margin: 0px; padding: 0px; border: 0px; outline: 0px; vertical-align: baseline; font: inherit;\">de este<\/span>&nbsp;<span class=\"hps\" style=\"margin: 0px; padding: 0px; border: 0px; outline: 0px; vertical-align: baseline; font: inherit;\">gran encuentro internacional<\/span><span style=\"margin: 0px; padding: 0px; border: 0px; outline: 0px; vertical-align: baseline; font: inherit;\">,<\/span>&nbsp;<span class=\"hps\" style=\"margin: 0px; padding: 0px; border: 0px; outline: 0px; vertical-align: baseline; font: inherit;\">los<\/span>&nbsp;<span class=\"hps\" style=\"margin: 0px; padding: 0px; border: 0px; outline: 0px; vertical-align: baseline; font: inherit;\">cientos de participantes de<\/span><span class=\"hps\" style=\"margin: 0px; padding: 0px; border: 0px; outline: 0px; vertical-align: baseline; font: inherit;\">tantas<\/span>&nbsp;<span class=\"hps\" style=\"margin: 0px; padding: 0px; border: 0px; outline: 0px; vertical-align: baseline; font: inherit;\">ciudades del patrimonio mundial<\/span>&nbsp;van a discutir&nbsp;<\/span><span style=\"background-color: rgb(255, 255, 255);\">del tem\u00e1tico&nbsp;<\/span><strong><strong style=\"margin: 0px; padding: 0px; border: 0px; outline: 0px; vertical-align: baseline; font: inherit; background-color: rgb(255, 255, 255);\">\u201cCiudades patrimonio, ciudades sustentables\u201d<\/strong><\/strong><\/p>\n<p>&nbsp;<\/p>\n","protected":false},"excerpt":{"rendered":"<p>El&nbsp;XII Congreso mundial de la Organizaci\u00f3n de las ciudades del patrimonio mundial&nbsp;tendr\u00e1 lugar en&nbsp;Oaxaca de Ju\u00e1rez, M\u00e9xico, del 19 al 22 de noviembre de 2013.&nbsp;Con motivo&nbsp;de este&nbsp;gran encuentro internacional,&nbsp;los&nbsp;cientos de participantes detantas&nbsp;ciudades del patrimonio mundial&nbsp;van a discutir&nbsp;del tem\u00e1tico&nbsp;\u201cCiudades patrimonio, ciudades sustentables\u201d &nbsp;<\/p>\n","protected":false},"author":1,"featured_media":11979,"comment_status":"open","ping_status":"open","sticky":false,"template":"","format":"standard","meta":{"_acf_changed":false,"footnotes":""},"categories":[1],"tags":[],"acf":[],"_links":{"self":[{"href":"https:\/\/www.ovpm.org\/es\/wp-json\/wp\/v2\/posts\/11978"}],"collection":[{"href":"https:\/\/www.ovpm.org\/es\/wp-json\/wp\/v2\/posts"}],"about":[{"href":"https:\/\/www.ovpm.org\/es\/wp-json\/wp\/v2\/types\/post"}],"author":[{"embeddable":true,"href":"https:\/\/www.ovpm.org\/es\/wp-json\/wp\/v2\/users\/1"}],"replies":[{"embeddable":true,"href":"https:\/\/www.ovpm.org\/es\/wp-json\/wp\/v2\/comments?post=11978"}],"version-history":[{"count":0,"href":"https:\/\/www.ovpm.org\/es\/wp-json\/wp\/v2\/posts\/11978\/revisions"}],"wp:featuredmedia":[{"embeddable":true,"href":"https:\/\/www.ovpm.org\/es\/wp-json\/wp\/v2\/media\/11979"}],"wp:attachment":[{"href":"https:\/\/www.ovpm.org\/es\/wp-json\/wp\/v2\/media?parent=11978"}],"wp:term":[{"taxonomy":"category","embeddable":true,"href":"https:\/\/www.ovpm.org\/es\/wp-json\/wp\/v2\/categories?post=11978"},{"taxonomy":"post_tag","embeddable":true,"href":"https:\/\/www.ovpm.org\/es\/wp-json\/wp\/v2\/tags?post=11978"}],"curies":[{"name":"wp","href":"https:\/\/api.w.org\/{rel}","templated":true}]}}