{"id":11921,"date":"2012-09-24T08:51:18","date_gmt":"2012-09-24T08:51:18","guid":{"rendered":"https:\/\/www.ovpm.org\/2012\/09\/24\/salon-mundial-del-turismo-asis-italia\/"},"modified":"2012-09-24T08:51:18","modified_gmt":"2012-09-24T08:51:18","slug":"salon-mundial-del-turismo-asis-italia","status":"publish","type":"post","link":"https:\/\/www.ovpm.org\/es\/2012\/09\/24\/salon-mundial-del-turismo-asis-italia\/","title":{"rendered":"Sal\u00f3n Mundial del Turismo \u2013 As\u00eds, Italia"},"content":{"rendered":"<p>Del 21 al 23 de septiembre de 2012, la Secretar\u00eda Regional de Europa del Sur\/Mediterr\u00e1neo asiste al Sal\u00f3n Mundial del Turismo, que se celebra en As\u00eds (Italia). El Coordinador Regional de la OCPM para dicha regi\u00f3n, Sr. Rafael P\u00e9rez de la Concha Camacho, est\u00e1 presente a fin de participar en las diversas actividades del Sal\u00f3n y promover los atractivos patrimoniales y tur\u00edsticos de las ciudades miembros en regla de su Secretar\u00eda Regional.<\/p>\n<p>[[{\u00abtype\u00bb:\u00bbmedia\u00bb,\u00bbview_mode\u00bb:\u00bbmedia_large\u00bb,\u00bbfid\u00bb:\u00bb461&#8243;,\u00bbattributes\u00bb:{\u00abclass\u00bb:\u00bbmedia-image\u00bb,\u00bbid\u00bb:\u00bb2&#8243;,\u00bbtypeof\u00bb:\u00bbfoaf:Image\u00bb}}]]<\/p>\n<p>Para obtener mayor informaci\u00f3n acerca del Sal\u00f3n Mundial del Turismo, <a href=\"http:\/\/www.worldheritagetourismexpo.com\">consulten el sitio Web oficial del evento haciendo clic aqu\u00ed (en ingl\u00e9s).<\/a><\/p>\n<p>&nbsp;<\/p>\n","protected":false},"excerpt":{"rendered":"<p>Del 21 al 23 de septiembre de 2012, la Secretar\u00eda Regional de Europa del Sur\/Mediterr\u00e1neo asiste al Sal\u00f3n Mundial del Turismo, que se celebra en As\u00eds (Italia). El Coordinador Regional de la OCPM para dicha regi\u00f3n, Sr. Rafael P\u00e9rez de la Concha Camacho, est\u00e1 presente a fin de participar en las diversas actividades del Sal\u00f3n [&hellip;]<\/p>\n","protected":false},"author":1,"featured_media":11917,"comment_status":"open","ping_status":"open","sticky":false,"template":"","format":"standard","meta":{"_acf_changed":false,"footnotes":""},"categories":[1],"tags":[],"acf":[],"_links":{"self":[{"href":"https:\/\/www.ovpm.org\/es\/wp-json\/wp\/v2\/posts\/11921"}],"collection":[{"href":"https:\/\/www.ovpm.org\/es\/wp-json\/wp\/v2\/posts"}],"about":[{"href":"https:\/\/www.ovpm.org\/es\/wp-json\/wp\/v2\/types\/post"}],"author":[{"embeddable":true,"href":"https:\/\/www.ovpm.org\/es\/wp-json\/wp\/v2\/users\/1"}],"replies":[{"embeddable":true,"href":"https:\/\/www.ovpm.org\/es\/wp-json\/wp\/v2\/comments?post=11921"}],"version-history":[{"count":0,"href":"https:\/\/www.ovpm.org\/es\/wp-json\/wp\/v2\/posts\/11921\/revisions"}],"wp:featuredmedia":[{"embeddable":true,"href":"https:\/\/www.ovpm.org\/es\/wp-json\/wp\/v2\/media\/11917"}],"wp:attachment":[{"href":"https:\/\/www.ovpm.org\/es\/wp-json\/wp\/v2\/media?parent=11921"}],"wp:term":[{"taxonomy":"category","embeddable":true,"href":"https:\/\/www.ovpm.org\/es\/wp-json\/wp\/v2\/categories?post=11921"},{"taxonomy":"post_tag","embeddable":true,"href":"https:\/\/www.ovpm.org\/es\/wp-json\/wp\/v2\/tags?post=11921"}],"curies":[{"name":"wp","href":"https:\/\/api.w.org\/{rel}","templated":true}]}}