{"id":11713,"date":"2011-03-21T10:54:51","date_gmt":"2011-03-21T10:54:51","guid":{"rendered":"https:\/\/www.ovpm.org\/2011\/03\/21\/congreso-mundial-de-la-ocpm-sintra-2011-presentacion-de-posters\/"},"modified":"2011-03-21T10:54:51","modified_gmt":"2011-03-21T10:54:51","slug":"congreso-mundial-de-la-ocpm-sintra-2011-presentacion-de-posters","status":"publish","type":"post","link":"https:\/\/www.ovpm.org\/es\/2011\/03\/21\/congreso-mundial-de-la-ocpm-sintra-2011-presentacion-de-posters\/","title":{"rendered":"Congreso Mundial de la OCPM &#8211; Sintra 2011 &#8211; Presentaci\u00f3n de Posters"},"content":{"rendered":"<p><P><SPAN face=\"\">El Congreso Mundial de la OWHC (Organization of World Heritage Cities &#8211; Organizaci\u00f3n de las Ciudades Patrimonio Mundial) constituye un foro singular. Realizado cada dos a\u00f1os, re\u00fane a pol\u00edticos y profesionales empe\u00f1ados en la preservaci\u00f3n de ciudades hist\u00f3ricas, en particular las inscritas en la Lista del Patrimonio Mundial de la UNESCO. Desde la primera reuni\u00f3n, en 1991, este evento ha permitido que los participantes discutan temas de inter\u00e9s com\u00fan, compartan experiencias y tracen nuevas estrategias para enfrentar los retos relacionados con la conservaci\u00f3n y gesti\u00f3n de las Ciudades Patrimonio Mundial.&nbsp;&nbsp;&nbsp; <\/SPAN><\/P><br \/>\n<P>&nbsp;<\/P><br \/>\n<P><SPAN face=\"\">El tema del XI Congreso Mundial es <STRONG><EM>Ciudades Patrimonio Mundial y Cambio Clim\u00e1tico. <\/EM><\/STRONG><\/SPAN><\/P><br \/>\n<P>&nbsp;<\/P><br \/>\n<P><SPAN face=\"\">Las Ciudades Patrimonio Mundial son lugares din\u00e1micos y efervescentes con patrimonio cultural de valor universal excepcional. Sin embargo, debido al cambio clim\u00e1tico, las Ciudades Patrimonio Mundial est\u00e1n entre los lugares del mundo m\u00e1s vulnerables a las r\u00e1pidas alteraciones. La naturaleza del impacto del cambio clim\u00e1tico, espec\u00edfica de los lugares donde ocurre, convierte a las Ciudades Patrimonio Mundial en unos laboratorios ideales para monitorear estas alteraciones y probar las medidas de adaptaci\u00f3n y mitigaci\u00f3n aumenta el bienestar socioecon\u00f3mico de las ciudades mientras aseguran la preservaci\u00f3n de su patrimonio.<\/SPAN><\/P><br \/>\n<P><SPAN face=\"\">Las autoridades locales est\u00e1n en el epicentro de cualquier acci\u00f3n. Habiendo preservado su patrimonio a lo largo del tiempo, las Ciudades Patrimonio Mundial son de importancia fundamental para entender la evoluci\u00f3n a largo plazo de un lugar, a partir del pasado y proyectando, desde ahora su futuro.<\/SPAN>Como guardianes del patrimonio mundial, las Ciudades Patrimonio Mundial enfrentan un reto adicional &#8211; cualquier acci\u00f3n realizada en estos lugares ic\u00f3nicos podr\u00e1 atraer significativamente la atenci\u00f3n e influenciar la adopci\u00f3n de buenas pr\u00e1cticas de gesti\u00f3n en otros lugares. Este XICongreso Mundial tiene como objetivo crear una plataforma de di\u00e1logo e intercambio de&nbsp; conocimientos sobre el tema de las Ciudades Patrimonio Mundial y cambio clim\u00e1tico y su transferencia a pol\u00edticas y acciones.<\/P><br \/>\n<P>&nbsp;<\/P><br \/>\n<P><SPAN face=\"\">Para articular el tema, los organizadores del XI Congreso Mundial han desarrollado un programa que incluye cuatro presentaciones clave,&nbsp; sesiones de preguntas y respuestas despu\u00e9s de cada presentaci\u00f3n; un panel de discusi\u00f3n acerca de las medidas de adaptaci\u00f3n y mitigaci\u00f3n que pueden ser adoptadas por las ciudades hist\u00f3ricas; una sesi\u00f3n de posters con estudios de caso relacionados con el tema del congreso, y actividades para un grupo seleccionado de periodistas que contribuir\u00e1n con sus opiniones sobre la relaci\u00f3n entre patrimonio y cambio clim\u00e1tico. Para m\u00e1s informaci\u00f3n, consulte la p\u00e1gina: www.sintraovpm2011.com.<\/SPAN><\/P><br \/>\n<P>&nbsp;<\/P><br \/>\n<P><STRONG><U><SPAN face=\"\">Presentaci\u00f3n de Posters&nbsp;&nbsp;&nbsp;&nbsp; <\/SPAN><\/U><\/STRONG><\/P><br \/>\n<P>&nbsp;<\/P><br \/>\n<P><SPAN face=\"\">Durante el Congreso Mundial ser\u00e1 organizada una sesi\u00f3n de p\u00f3sters con el objetivo de proporcionar a los participantes la oportunidad de compartir sus experiencias. Los p\u00f3sters ser\u00e1n publicados en la documentaci\u00f3n de la conferencia y expuestos durante todo el Congreso. La sesi\u00f3n de p\u00f3sters se abrir\u00e1 oficialmente el d\u00eda 23 de noviembre de 2011 por la tarde, seguida de la presentaci\u00f3n de cada p\u00f3ster y de un espacio &nbsp;de discusi\u00f3n &nbsp;con los autores. Un n\u00famero limitado de p\u00f3sters ser\u00e1n seleccionados como \u201cInstant\u00e1neas de ciudad\u201d para complementar con el objetivo de complementar las ponencias de las sesiones matinales del programa cient\u00edfico los d\u00edas 23 y 24 de noviembre de 2011.<\/SPAN><\/P><br \/>\n<P>&nbsp;<\/P><br \/>\n<P><SPAN face=\"\">Esta invitaci\u00f3n de presentaciones se dirige a todos los que est\u00e1n involucrados en la preservaci\u00f3n y gesti\u00f3n de ciudades &nbsp;Patrimonio Mundial &#8211; funcionarios y administradores p\u00fablicos, profesionales y t\u00e9cnicos especializados y cient\u00edficos de diversas \u00e1reas relacionadas con el patrimonio cultural y natural de forma interdisciplinaria.&nbsp; <\/SPAN><\/P><br \/>\n<P><SPAN face=\"\">Los p\u00f3sters deber\u00e1n reflexionar sobre la forma en que una ciudad espec\u00edfica aborda las cuestiones relacionadas con el &nbsp;impacto del cambio clim\u00e1tico, tales como la vulnerabilidad de la &nbsp;ciudad al impacto; y c\u00f3mo desarrolla medidas de adaptaci\u00f3n y\/o mitigaci\u00f3n de manera conceptual y operacional, como el patrimonio y la cultura pueden ser ben\u00e9ficos para la mitigaci\u00f3n del cambio clim\u00e1tico y la gesti\u00f3n de riesgos. En especial, se recomienda que los &nbsp;estudios de caso&nbsp; analicen las opciones escogidas por una ciudad en particular ilustrando la manera como la ciudad puede formar parte de la soluci\u00f3n al influenciar tanto las causas como las consecuencias del cambio clim\u00e1tico, contribuyendo, al desarrollo de &nbsp;estrategias nacionales e internacionales para la prevenci\u00f3n del impacto del cambio clim\u00e1tico. Los tres pilares de la sostenibilidad, social, ambiental y econ\u00f3mico &#8211; complementados por el cuarto pilar \u00abgobernanza\u00bb &#8211; deben tenerse en cuenta. Algunos de los siguientes aspectos y cuestiones pueden servir de gu\u00eda para&nbsp; la elecci\u00f3n de los aportes. Estos temas deben tomarse con ejemplos, los aportes no tienen que limitarse a los mismos.<\/SPAN><\/P><br \/>\n<P>&nbsp;<\/P><br \/>\n<P><U><SPAN face=\"\">Conocer y estudiar el impacto del cambio clim\u00e1tico<\/SPAN><\/U><\/P><br \/>\n<UL><br \/>\n<LI><SPAN face=\"\">\u00bfQu\u00e9 sabe sobre el impacto del cambio clim\u00e1tico en su ciudad? <\/SPAN>\u00bfCu\u00e1les son los elementos vulnerables de su ciudad Patrimonio Mundial y c\u00f3mo los eval\u00faa y monitorea?<\/LI><br \/>\n<LI><SPAN face=\"\">\u00bfExisten estudios sobre&nbsp; c\u00f3mo el tejido urbano hist\u00f3rico puede dar una respuesta eficiente, compatible y sostenible a las cuestiones y retos que resultan del cambio clim\u00e1tico?<\/SPAN><\/LI><br \/>\n<LI><SPAN face=\"\">\u00bfMonitorea y, en caso afirmativo, de qu\u00e9 forma monitoriza las conexiones y el impacto de las emisiones de gases del efecto invernadero, consumo de energ\u00eda y medidas de eficiencia energ\u00e9tica en la conservaci\u00f3n del patrimonio?<\/SPAN><\/LI><br \/>\n<LI><SPAN face=\"\">\u00bfExisten estudios socioecon\u00f3micos que apliquen un an\u00e1lisis de coste-beneficio a la evaluaci\u00f3n de las p\u00e9rdidas econ\u00f3micas provenientes del cambio clim\u00e1tico?<\/SPAN><\/LI><\/UL><br \/>\n<P>&nbsp;<\/P><br \/>\n<P><U><SPAN face=\"\">Crear pol\u00edticas y modelos de gobernaci\u00f3n&nbsp; <\/SPAN><\/U><\/P><br \/>\n<UL><br \/>\n<LI><SPAN face=\"\">\u00bfC\u00f3mo relaciona &nbsp;la preservaci\u00f3n con las exigencias de las nuevas directrices, legislaci\u00f3n, o reglamentos resultantes de los tratados nacionales e internacionales relativos &nbsp;a la adaptaci\u00f3n y mitigaci\u00f3n del cambio clim\u00e1tico?<\/SPAN><\/LI><br \/>\n<LI><SPAN face=\"\">\u00bfQu\u00e9 proporci\u00f3n de los procesos de ecologizaci\u00f3n de la ciudad puede ser considerada compatible con el ambiente hist\u00f3rico?, \u00bfqu\u00e9 medidas de adaptaci\u00f3n son aceptables para el patrimonio inmobiliario hist\u00f3rico y para el ambiente hist\u00f3rico en general?<\/SPAN><\/LI><br \/>\n<LI><SPAN face=\"\">\u00bfDe qu\u00e9 forma integra pol\u00edticas y reglamentos relacionados con cambio clim\u00e1tico y la preservaci\u00f3n del ambiente hist\u00f3rico en los <\/SPAN>procesos globales de planificaci\u00f3n y gesti\u00f3n?<\/LI><br \/>\n<LI><SPAN face=\"\">\u00bfQu\u00e9 pol\u00edticas e instrumentos faltan y se necesitan desarrollar?&nbsp;&nbsp;&nbsp; <\/SPAN><\/LI><br \/>\n<LI><SPAN face=\"\">\u00bfQu\u00e9 fuentes de financiaci\u00f3n se pueden utilizar?&nbsp; <\/SPAN><\/LI><\/UL><br \/>\n<P>&nbsp;<\/P><br \/>\n<P><U><SPAN face=\"\">Adaptaci\u00f3n al impacto potencial&nbsp; <\/SPAN><\/U><\/P><br \/>\n<UL><br \/>\n<LI><SPAN face=\"\">\u00bfSu ciudad ha desarrollado un Plan de Adaptaci\u00f3n?&nbsp;&nbsp;&nbsp; <\/SPAN><\/LI><br \/>\n<LI><SPAN face=\"\">\u00bfC\u00f3mo eval\u00faa la capacidad de adaptaci\u00f3n de la ciudad al cambio clim\u00e1tico previsto?&nbsp;&nbsp;&nbsp;&nbsp;&nbsp;&nbsp;&nbsp;&nbsp; <\/SPAN><\/LI><br \/>\n<LI><SPAN face=\"\">\u00bfDe qu\u00e9 forma la ciudad se adapta al impacto de los cambios clim\u00e1ticos ya ocurridos, tales como episodios clim\u00e1ticos extremos, inundaciones, etc.?&nbsp; <\/SPAN><\/LI><\/UL><br \/>\n<P>&nbsp;<\/P><br \/>\n<P><U><SPAN face=\"\">Comunicar e involucrar a los ciudadanos&nbsp; <\/SPAN><\/U><\/P><br \/>\n<UL><br \/>\n<LI><SPAN face=\"\">\u00bfDe qu\u00e9 forma comunica a los ciudadanos las cuestiones&nbsp; relacionadas con el cambio clim\u00e1tico y su impacto?&nbsp;&nbsp;&nbsp; <\/SPAN><\/LI><br \/>\n<LI><SPAN face=\"\">\u00bfDe qu\u00e9 forma informa al p\u00fablico, propietarios y otros interesados sobre las medidas que deben tomar para adaptar y anticipar el impacto del cambio clim\u00e1tico?<\/SPAN><\/LI><br \/>\n<LI><SPAN face=\"\">\u00bfDe qu\u00e9 forma involucra a los ciudadanos en las diversas acciones?&nbsp; <\/SPAN>\u00bfC\u00f3mo motivar a los habitantes, visitantes y otros interesados a que propongan soluciones creativas?<\/LI><\/UL><br \/>\n<P><U><SPAN face=\"\">Instrucciones para la presentaci\u00f3n de abstracts\/res\u00famenes:&nbsp; <\/SPAN><\/U><\/P><br \/>\n<P><SPAN face=\"\"><STRONG>El plazo para la presentaci\u00f3n de abstracts\/res\u00famenes finaliza el 31 de marzo de 2011.&nbsp;&nbsp; <\/STRONG><\/SPAN><\/P><br \/>\n<UL><br \/>\n<LI><SPAN face=\"\">La extensi\u00f3n m\u00e1xima es de&nbsp; 200 palabras por. <\/SPAN><\/LI><br \/>\n<LI><SPAN face=\"\">Tipo de letra: Times New Roman 12, a doble espacio.&nbsp; <\/SPAN><\/LI><br \/>\n<LI><SPAN face=\"\">Los abstracts\/res\u00famenes deber\u00e1n incluir el nombre completo, afiliaci\u00f3n y la informaci\u00f3n de contacto de todos los autores (si hay m\u00e1s de un autor, por favor, indique quien es el autor que env\u00eda el abstract\/resumen) y exprese claramente la forma como ser\u00e1 abordado el tema del Congreso.&nbsp;&nbsp;&nbsp; <\/SPAN><\/LI><br \/>\n<LI><SPAN face=\"\">S\u00f3lo se aceptar\u00e1n p\u00f3sters en <STRONG>ingl\u00e9s, franc\u00e9s, espa\u00f1ol o portugu\u00e9s.<\/STRONG> <\/SPAN><\/LI><br \/>\n<LI><SPAN face=\"\">Todas las propuestas ser\u00e1n revisadas por el Comit\u00e9 Cient\u00edfico del Congreso. <\/SPAN><\/LI><\/UL><br \/>\n<P><SPAN face=\"\"><STRONG>La aceptaci\u00f3n de los p\u00f3sters ser\u00e1 notificada a los autores hasta el d\u00eda 31 de mayo de 2011. <\/STRONG><\/SPAN><\/P><br \/>\n<P>&nbsp;<\/P><br \/>\n<P><U><SPAN face=\"\">Instrucciones para remitir los posters por correo electr\u00f3nico:&nbsp; <\/SPAN><\/U><\/P><br \/>\n<P><STRONG><SPAN face=\"\">Se dar\u00e1n instrucciones espec\u00edficas a los autores cuyos p\u00f3sters hayan sido aceptados.&nbsp;&nbsp;&nbsp; <\/SPAN><\/STRONG><\/P><br \/>\n<P>Los posters deben ser atractivos y bien organizados. Es importante que sean claros, con una cantidad m\u00ednima de texto, utilizando principalmente gr\u00e1ficos e im\u00e1genes fotogr\u00e1ficas.&nbsp;<\/P><br \/>\n<P>&nbsp;<\/P><br \/>\n<P>El tama\u00f1o del p\u00f3ster no debe exceder los 85 cm de ancho x 120 cm de altura. Se solicitar\u00e1 a los autores que remitan una versi\u00f3n electr\u00f3nica de su p\u00f3ster 4 semanas antes del congreso para asegurar una impresi\u00f3n a tiempo en la ciudad anfitriona. Tambi\u00e9n se aceptar\u00e1n peque\u00f1os v\u00eddeos de 2-3 minutos.<\/P><br \/>\n<P>&nbsp;<\/P><br \/>\n<P><STRONG>Por favor, remita el abstract\/resumen de su p\u00f3ster por correo electr\u00f3nico a: Sra. Kerstin Manz &#8211; <\/STRONG><A title=mailto:kmanz@ovpm.org href=\"mailto:kmanz@ovpm.org\">kmanz@ovpm.org<\/A><STRONG>.<\/STRONG><\/P><\/p>\n","protected":false},"excerpt":{"rendered":"<p>El Congreso Mundial de la OWHC (Organization of World Heritage Cities &#8211; Organizaci\u00f3n de las Ciudades Patrimonio Mundial) constituye un foro singular. Realizado cada dos a\u00f1os, re\u00fane a pol\u00edticos y profesionales empe\u00f1ados en la preservaci\u00f3n de ciudades hist\u00f3ricas, en particular las inscritas en la Lista del Patrimonio Mundial de la UNESCO. Desde la primera reuni\u00f3n, [&hellip;]<\/p>\n","protected":false},"author":1,"featured_media":11706,"comment_status":"open","ping_status":"open","sticky":false,"template":"","format":"standard","meta":{"_acf_changed":false,"footnotes":""},"categories":[1],"tags":[],"acf":[],"_links":{"self":[{"href":"https:\/\/www.ovpm.org\/es\/wp-json\/wp\/v2\/posts\/11713"}],"collection":[{"href":"https:\/\/www.ovpm.org\/es\/wp-json\/wp\/v2\/posts"}],"about":[{"href":"https:\/\/www.ovpm.org\/es\/wp-json\/wp\/v2\/types\/post"}],"author":[{"embeddable":true,"href":"https:\/\/www.ovpm.org\/es\/wp-json\/wp\/v2\/users\/1"}],"replies":[{"embeddable":true,"href":"https:\/\/www.ovpm.org\/es\/wp-json\/wp\/v2\/comments?post=11713"}],"version-history":[{"count":0,"href":"https:\/\/www.ovpm.org\/es\/wp-json\/wp\/v2\/posts\/11713\/revisions"}],"wp:featuredmedia":[{"embeddable":true,"href":"https:\/\/www.ovpm.org\/es\/wp-json\/wp\/v2\/media\/11706"}],"wp:attachment":[{"href":"https:\/\/www.ovpm.org\/es\/wp-json\/wp\/v2\/media?parent=11713"}],"wp:term":[{"taxonomy":"category","embeddable":true,"href":"https:\/\/www.ovpm.org\/es\/wp-json\/wp\/v2\/categories?post=11713"},{"taxonomy":"post_tag","embeddable":true,"href":"https:\/\/www.ovpm.org\/es\/wp-json\/wp\/v2\/tags?post=11713"}],"curies":[{"name":"wp","href":"https:\/\/api.w.org\/{rel}","templated":true}]}}