{"id":11668,"date":"2009-10-30T09:47:10","date_gmt":"2009-10-30T09:47:10","guid":{"rendered":"https:\/\/www.ovpm.org\/2009\/10\/30\/tercera-conferencia-internacional-de-la-alianza-de-paisajes-culturales-patrimonio-mundial\/"},"modified":"2009-10-30T09:47:10","modified_gmt":"2009-10-30T09:47:10","slug":"tercera-conferencia-internacional-de-la-alianza-de-paisajes-culturales-patrimonio-mundial","status":"publish","type":"post","link":"https:\/\/www.ovpm.org\/es\/2009\/10\/30\/tercera-conferencia-internacional-de-la-alianza-de-paisajes-culturales-patrimonio-mundial\/","title":{"rendered":"Tercera Conferencia Internacional de la Alianza de Paisajes Culturales Patrimonio Mundial"},"content":{"rendered":"<p>Estimado\/a amigo\/a:<\/p>\n<p>Me complace hacerte llegar la convocatoria de la Tercera Conferencia Internacional de la Alianza de Paisajes Culturales Patrimonio Mundial, que se celebrar\u00e1 en La Alhambra de Granada los d\u00edas 25 y 26 de noviembre de 2009.<\/p>\n<p>Adjunto invitaci\u00f3n oficial, as\u00ed como un resumen del contenido tem\u00e1tico de la Conferencia, que se desarrollar\u00e1 bajo el lema \u00abUso y Ges\u00ed\u00f3n del Agua en los Paisajes Culturales\u00bb.<\/p>\n<p>El aforo es limitado, por lo que es importante efectuar la inscripci\u00f3n cuanto antes, para lo cual debe utilizarse el formulario que se encuentra en <a href=\"http:\/\/www.alianzadepaisajesculturales.org\">www.alianzadepaisajesculturales.org<\/a><\/p>\n<p>Todav\u00eda disponemos de plazas de alojamiento y manutenci\u00f3n a cargo de la organziaci\u00f3n para los d\u00edas de la Conferencia. Por favor, ponerse en contacto con la Secretar\u00eda en el mail <a href=\"mailto:secretaria@alianzadepaisajesculturales.org\">secretaria@alianzadepaisajesculturales.org<\/a><\/p>\n<p><b>Luciano S\u00e1nchez P\u00e9rez-Moneo<\/b><br \/>\nSecretario General<br \/>\nAlianza de Paisajes Culturales Patrimonio Mundial<br \/>\nInfantas, 55<br \/>\n28300 ARANJUEZ<br \/>\n<a href=\"mailto:lsanchez@aranjuezcultural.es\">lsanchez@aranjuezcultural.es<\/a><br \/>\nTel.: +34 91 801 14 17&#8211; +34 618 010 289<br \/>\n<a href=\"http:\/\/www.aranjuezcultural.es\">www.aranjuezcultural.es<\/a><\/p>\n<p><b>Documentos<\/b> <\/p>\n<ul>\n<li><a href=\"http:\/\/www.ovpm.org\/sites\/ovpm\/files\/sr\/alianza\/esq-gran.doc\">Esquema de la Conferencia<\/li>\n<li><a href=\"http:\/\/www.ovpm.org\/sites\/ovpm\/files\/sr\/alianza\/prog-gran.doc\">Programa Provisional<\/li>\n<li><a href=\"http:\/\/www.ovpm.org\/sites\/ovpm\/files\/sr\/alianza\/inv-gran.doc\">Invitaci\u00f3n<\/li>\n<\/ul>\n","protected":false},"excerpt":{"rendered":"<p>Estimado\/a amigo\/a: Me complace hacerte llegar la convocatoria de la Tercera Conferencia Internacional de la Alianza de Paisajes Culturales Patrimonio Mundial, que se celebrar\u00e1 en La Alhambra de Granada los d\u00edas 25 y 26 de noviembre de 2009. Adjunto invitaci\u00f3n oficial, as\u00ed como un resumen del contenido tem\u00e1tico de la Conferencia, que se desarrollar\u00e1 bajo [&hellip;]<\/p>\n","protected":false},"author":1,"featured_media":0,"comment_status":"open","ping_status":"open","sticky":false,"template":"","format":"standard","meta":{"_acf_changed":false,"footnotes":""},"categories":[3],"tags":[],"acf":[],"_links":{"self":[{"href":"https:\/\/www.ovpm.org\/es\/wp-json\/wp\/v2\/posts\/11668"}],"collection":[{"href":"https:\/\/www.ovpm.org\/es\/wp-json\/wp\/v2\/posts"}],"about":[{"href":"https:\/\/www.ovpm.org\/es\/wp-json\/wp\/v2\/types\/post"}],"author":[{"embeddable":true,"href":"https:\/\/www.ovpm.org\/es\/wp-json\/wp\/v2\/users\/1"}],"replies":[{"embeddable":true,"href":"https:\/\/www.ovpm.org\/es\/wp-json\/wp\/v2\/comments?post=11668"}],"version-history":[{"count":0,"href":"https:\/\/www.ovpm.org\/es\/wp-json\/wp\/v2\/posts\/11668\/revisions"}],"wp:attachment":[{"href":"https:\/\/www.ovpm.org\/es\/wp-json\/wp\/v2\/media?parent=11668"}],"wp:term":[{"taxonomy":"category","embeddable":true,"href":"https:\/\/www.ovpm.org\/es\/wp-json\/wp\/v2\/categories?post=11668"},{"taxonomy":"post_tag","embeddable":true,"href":"https:\/\/www.ovpm.org\/es\/wp-json\/wp\/v2\/tags?post=11668"}],"curies":[{"name":"wp","href":"https:\/\/api.w.org\/{rel}","templated":true}]}}